{"id":147892,"date":"2022-05-16T16:18:26","date_gmt":"2022-05-16T20:18:26","guid":{"rendered":"https:\/\/linitiative.ca\/International\/celebration-a-oujda-du-66e-anniversaire-de-la-creation-de-la-dgsn\/"},"modified":"2022-05-16T16:18:26","modified_gmt":"2022-05-16T20:18:26","slug":"celebration-a-oujda-du-66e-anniversaire-de-la-creation-de-la-dgsn","status":"publish","type":"post","link":"https:\/\/linitiative.ca\/International\/celebration-a-oujda-du-66e-anniversaire-de-la-creation-de-la-dgsn\/","title":{"rendered":"C\u00e9l\u00e9bration \u00e0 Oujda du 66\u00e8 anniversaire de la cr\u00e9ation de la DGSN"},"content":{"rendered":"<div>\n<div style=\"margin-bottom:20px;\"><img loading=\"lazy\" decoding=\"async\" width=\"750\" height=\"430\" src=\"https:\/\/linitiative.ca\/International\/wp-content\/uploads\/sites\/23\/2022\/05\/anniversaire-celebration-dgsn-oujda-police-750C397430-MAP.jpg\" class=\"attachment-post-thumbnail size-post-thumbnail wp-post-image\" alt=\"\" srcset=\"https:\/\/linitiative.ca\/International\/wp-content\/uploads\/sites\/23\/2022\/05\/anniversaire-celebration-dgsn-oujda-police-750C397430-MAP.jpg 750w, https:\/\/www.mapoujda.ma\/map\/uploads\/2022\/05\/anniversaire-celebration-dgsn-oujda-police-750\u00d7430-MAP-300x172.jpg 300w\" sizes=\"auto, (max-width: 750px) 100vw, 750px\"><\/div>\n<div>\n<p style=\"text-align: justify;\">La famille de la S\u00fbret\u00e9 nationale \u00e0 Oujda a c\u00e9l\u00e9br\u00e9, lundi, le 66\u00e8me anniversaire de la cr\u00e9ation de la Direction G\u00e9n\u00e9rale de la S\u00fbret\u00e9 Nationale (DGSN), une occasion de se rappeler les efforts consentis en faveur de la pr\u00e9servation de l\u2019ordre public et de la protection des citoyens et de leurs biens.<\/p>\n<p style=\"text-align: justify;\">Une c\u00e9r\u00e9monie a \u00e9t\u00e9 organis\u00e9e \u00e0 cette occasion, pr\u00e9sid\u00e9e par le pr\u00e9fet de police d\u2019Oujda, Abdelkhalek Zidaoui et marqu\u00e9e par le salut des couleurs nationales au son de l\u2019hymne national et la lecture de la lettre d\u2019orientation adress\u00e9e par le Directeur g\u00e9n\u00e9ral de la S\u00fbret\u00e9 nationale, M. Abdellatif Hammouchi.<\/p>\n<p style=\"text-align: justify;\">Selon la lettre d\u2019orientation, cette c\u00e9l\u00e9bration constitue une occasion annuelle pour proc\u00e9der \u00e0 une auto-\u00e9valuation des r\u00e9alisations accomplies au service des questions s\u00e9curitaires de la Patrie et des citoyens, prospecter les futurs projets, relever les d\u00e9fis et aplanir les contraintes.<\/p>\n<p style=\"text-align: justify;\">Au cours de l\u2019ann\u00e9e derni\u00e8re, la DGSN a veill\u00e9 \u00e0 poursuivre l\u2019effort d\u2019appui aux m\u00e9canismes de r\u00e9pression du crime et de renforcement de la dimension pr\u00e9ventive de la police de secours, a soulign\u00e9 M. Hammouchi, notant que les services de la DGSN ont \u00e9galement r\u00e9alis\u00e9 une grande avanc\u00e9e en mati\u00e8re de cons\u00e9cration et de consolidation de \u00ab\u00a0l\u2019identit\u00e9 num\u00e9rique\u00a0\u00bb, qui fait partie des fondements de la transition num\u00e9rique voulue par le Maroc.<\/p>\n<p style=\"text-align: justify;\">\u00ab\u00a0Il s\u2019agit l\u00e0 de quelques exemples seulement de ce qui a \u00e9t\u00e9 r\u00e9alis\u00e9 et de ce que nous nous engageons \u00e0 mat\u00e9rialiser dans le futur proche, que ce soit au niveau du d\u00e9veloppement des m\u00e9canismes d\u2019action et de la modernisation des m\u00e9thodes de travail ou sur le plan de la promotion de la situation sociale des fonctionnaires, en vue de leur garantir un climat professionnel et social int\u00e9gr\u00e9, \u00e0 m\u00eame de leur permettre de remplir de mani\u00e8re idoine leurs nobles missions vis-\u00e0-vis de la Patrie et du citoyen\u00a0\u00bb, a-t-il relev\u00e9.<\/p>\n<p style=\"text-align: justify;\">Cette c\u00e9r\u00e9monie comm\u00e9morative s\u2019est \u00e9galement distingu\u00e9e par la d\u00e9coration de cadres et fonctionnaires de la DGSN de Wissams royaux et l\u2019organisation d\u2019une r\u00e9ception en l\u2019honneur des fonctionnaires retrait\u00e9s.<\/p>\n<\/div>\n<p>L\u2019article <a rel=\"nofollow\" href=\"https:\/\/www.mapoujda.ma\/fr\/celebration-a-oujda-du-66e-anniversaire-de-la-creation-de-la-dgsn\/\">C\u00e9l\u00e9bration \u00e0 Oujda du 66\u00e8 anniversaire de la cr\u00e9ation de la DGSN<\/a> est apparu en premier sur <a rel=\"nofollow\" href=\"https:\/\/www.mapoujda.ma\/fr\">MapOujda<\/a>.<\/p>\n<\/div>\n<p>Auteur: Soufiane ELAHMAR<br \/>\n<a href=\"https:\/\/www.mapoujda.ma\/fr\/celebration-a-oujda-du-66e-anniversaire-de-la-creation-de-la-dgsn\/\">Cliquez ici pour lire l&rsquo;article depuis sa source.<\/a><\/p>\n","protected":false},"excerpt":{"rendered":"<p>La famille de la S\u00fbret\u00e9 nationale \u00e0 Oujda a c\u00e9l\u00e9br\u00e9, lundi, le 66\u00e8me anniversaire de la cr\u00e9ation de la Direction G\u00e9n\u00e9rale de la S\u00fbret\u00e9 Nationale (DGSN), une occasion de se rappeler les efforts consentis en faveur de la pr\u00e9servation de l\u2019ordre public et de la protection des citoyens et de leurs biens. Une c\u00e9r\u00e9monie a [&hellip;]<\/p>\n","protected":false},"author":1788,"featured_media":0,"comment_status":"closed","ping_status":"closed","sticky":false,"template":"","format":"standard","meta":{"fifu_image_url":"https:\/\/www.mapoujda.ma\/map\/uploads\/2022\/05\/anniversaire-celebration-dgsn-oujda-police-750\u00d7430-MAP.jpg","fifu_image_alt":"C\u00e9l\u00e9bration \u00e0 Oujda du 66\u00e8 anniversaire de la cr\u00e9ation de la DGSN","footnotes":""},"categories":[54,76],"tags":[],"class_list":["post-147892","post","type-post","status-publish","format-standard","hentry","category-maroc","category-regions"],"_links":{"self":[{"href":"https:\/\/linitiative.ca\/International\/wp-json\/wp\/v2\/posts\/147892","targetHints":{"allow":["GET"]}}],"collection":[{"href":"https:\/\/linitiative.ca\/International\/wp-json\/wp\/v2\/posts"}],"about":[{"href":"https:\/\/linitiative.ca\/International\/wp-json\/wp\/v2\/types\/post"}],"author":[{"embeddable":true,"href":"https:\/\/linitiative.ca\/International\/wp-json\/wp\/v2\/users\/1788"}],"replies":[{"embeddable":true,"href":"https:\/\/linitiative.ca\/International\/wp-json\/wp\/v2\/comments?post=147892"}],"version-history":[{"count":0,"href":"https:\/\/linitiative.ca\/International\/wp-json\/wp\/v2\/posts\/147892\/revisions"}],"wp:attachment":[{"href":"https:\/\/linitiative.ca\/International\/wp-json\/wp\/v2\/media?parent=147892"}],"wp:term":[{"taxonomy":"category","embeddable":true,"href":"https:\/\/linitiative.ca\/International\/wp-json\/wp\/v2\/categories?post=147892"},{"taxonomy":"post_tag","embeddable":true,"href":"https:\/\/linitiative.ca\/International\/wp-json\/wp\/v2\/tags?post=147892"}],"curies":[{"name":"wp","href":"https:\/\/api.w.org\/{rel}","templated":true}]}}