{"id":147896,"date":"2022-05-17T08:21:10","date_gmt":"2022-05-17T12:21:10","guid":{"rendered":"https:\/\/linitiative.ca\/International\/ouverture-des-points-de-passage-de-bab-sebta-et-beni-ansar-aux-voyageurs\/"},"modified":"2022-05-17T08:21:10","modified_gmt":"2022-05-17T12:21:10","slug":"ouverture-des-points-de-passage-de-bab-sebta-et-beni-ansar-aux-voyageurs","status":"publish","type":"post","link":"https:\/\/linitiative.ca\/International\/ouverture-des-points-de-passage-de-bab-sebta-et-beni-ansar-aux-voyageurs\/","title":{"rendered":"Ouverture des points de passage de Bab Sebta et Beni Ansar aux voyageurs"},"content":{"rendered":"<div>\n<div style=\"margin-bottom:20px;\"><img loading=\"lazy\" decoding=\"async\" width=\"750\" height=\"430\" src=\"https:\/\/linitiative.ca\/International\/wp-content\/uploads\/sites\/23\/2022\/05\/contrC3B4le-passeports-bab-sebta-750C397430-MAP-1.jpg\" class=\"attachment-post-thumbnail size-post-thumbnail wp-post-image\" alt=\"\" srcset=\"https:\/\/linitiative.ca\/International\/wp-content\/uploads\/sites\/23\/2022\/05\/contrC3B4le-passeports-bab-sebta-750C397430-MAP-1.jpg 750w, https:\/\/www.mapoujda.ma\/map\/uploads\/2022\/05\/contr\u00f4le-passeports-bab-sebta-750\u00d7430-MAP-1-300x172.jpg 300w\" sizes=\"auto, (max-width: 750px) 100vw, 750px\"><\/div>\n<div>\n<p style=\"text-align: justify;\">Les points de passage de Bab Sebta et Beni Ansar ont \u00e9t\u00e9 ouverts, peu avant minuit dans la nuit de lundi \u00e0 mardi, \u00e0 la circulation des voyageurs (automobilistes et pi\u00e9tons) et ce, dans le respect des mesures sp\u00e9ciales d\u00e9cid\u00e9es dans le cadre de la lutte contre la pand\u00e9mie du Covid-19, lesquelles mesures sont toujours en vigueur afin de pr\u00e9server la sant\u00e9 des voyageurs durant le trajet.<\/p>\n<p style=\"text-align: justify;\">Cette mesure vient en application de la D\u00e9claration conjointe adopt\u00e9e au terme des discussions entre SM le Roi Mohammed VI et le Pr\u00e9sident du gouvernement espagnol, Pedro S\u00e1nchez, qui avait effectu\u00e9 en avril dernier, sur invitation du Souverain, une visite au Royaume dans le cadre d\u2019une nouvelle \u00e9tape dans le partenariat entre les deux pays.<\/p>\n<p style=\"text-align: justify;\">Lors de cette visite, le Maroc et l\u2019Espagne ont \u00e9tabli une feuille de route durable et ambitieuse comprenant plusieurs \u00e9l\u00e9ments, dont le r\u00e9tablissement de fa\u00e7on ordonn\u00e9e de la circulation des personnes et des marchandises, y compris des dispositifs appropri\u00e9s de contr\u00f4le douanier et des personnes aux niveaux terrestre et maritime.<\/p>\n<p style=\"text-align: justify;\">Des passagers ayant transit\u00e9 par le point de passage de Bab Sebta apr\u00e8s sa r\u00e9ouverture ont exprim\u00e9 \u00e0 \u00ab\u00a0M24\u00a0\u00bb, la cha\u00eene t\u00e9l\u00e9vis\u00e9e d\u2019information en continu de la MAP, leur joie de voir le trafic r\u00e9tabli apr\u00e8s une p\u00e9riode de fermeture dans le sillage des mesures prises pour lutter contre la propagation du Covid-19.<\/p>\n<p style=\"text-align: justify;\">Ils se sont \u00e9galement f\u00e9licit\u00e9s du fait que la d\u00e9cision d\u2019ouverture prise par les autorit\u00e9s marocaines soit intervenue apr\u00e8s des travaux de structuration et de mise \u00e0 niveau, ce qui contribuera \u00e0 fluidifier la circulation au niveau du point de passage.<\/p>\n<p style=\"text-align: justify;\">Le point de passage de Bab Sebta a fait l\u2019objet de larges travaux de restructuration et de mise \u00e0 niveau dans l\u2019objectif de lutter contre les activit\u00e9s commerciales ill\u00e9gales, notamment la contrebande.<\/p>\n<\/div>\n<p>L\u2019article <a rel=\"nofollow\" href=\"https:\/\/www.mapoujda.ma\/fr\/ouverture-des-points-de-passage-de-bab-sebta-et-beni-ansar-aux-voyageurs\/\">Ouverture des points de passage de Bab Sebta et Beni Ansar aux voyageurs<\/a> est apparu en premier sur <a rel=\"nofollow\" href=\"https:\/\/www.mapoujda.ma\/fr\">MapOujda<\/a>.<\/p>\n<\/div>\n<p>Auteur: Soufiane ELAHMAR<br \/>\n<a href=\"https:\/\/www.mapoujda.ma\/fr\/ouverture-des-points-de-passage-de-bab-sebta-et-beni-ansar-aux-voyageurs\/\">Cliquez ici pour lire l&rsquo;article depuis sa source.<\/a><\/p>\n","protected":false},"excerpt":{"rendered":"<p>Les points de passage de Bab Sebta et Beni Ansar ont \u00e9t\u00e9 ouverts, peu avant minuit dans la nuit de lundi \u00e0 mardi, \u00e0 la circulation des voyageurs (automobilistes et pi\u00e9tons) et ce, dans le respect des mesures sp\u00e9ciales d\u00e9cid\u00e9es dans le cadre de la lutte contre la pand\u00e9mie du Covid-19, lesquelles mesures sont toujours [&hellip;]<\/p>\n","protected":false},"author":1788,"featured_media":0,"comment_status":"closed","ping_status":"closed","sticky":false,"template":"","format":"standard","meta":{"fifu_image_url":"https:\/\/www.mapoujda.ma\/map\/uploads\/2022\/05\/contr\u00f4le-passeports-bab-sebta-750\u00d7430-MAP-1.jpg","fifu_image_alt":"Ouverture des points de passage de Bab Sebta et Beni Ansar aux voyageurs","footnotes":""},"categories":[54,76],"tags":[],"class_list":["post-147896","post","type-post","status-publish","format-standard","hentry","category-maroc","category-regions"],"_links":{"self":[{"href":"https:\/\/linitiative.ca\/International\/wp-json\/wp\/v2\/posts\/147896","targetHints":{"allow":["GET"]}}],"collection":[{"href":"https:\/\/linitiative.ca\/International\/wp-json\/wp\/v2\/posts"}],"about":[{"href":"https:\/\/linitiative.ca\/International\/wp-json\/wp\/v2\/types\/post"}],"author":[{"embeddable":true,"href":"https:\/\/linitiative.ca\/International\/wp-json\/wp\/v2\/users\/1788"}],"replies":[{"embeddable":true,"href":"https:\/\/linitiative.ca\/International\/wp-json\/wp\/v2\/comments?post=147896"}],"version-history":[{"count":0,"href":"https:\/\/linitiative.ca\/International\/wp-json\/wp\/v2\/posts\/147896\/revisions"}],"wp:attachment":[{"href":"https:\/\/linitiative.ca\/International\/wp-json\/wp\/v2\/media?parent=147896"}],"wp:term":[{"taxonomy":"category","embeddable":true,"href":"https:\/\/linitiative.ca\/International\/wp-json\/wp\/v2\/categories?post=147896"},{"taxonomy":"post_tag","embeddable":true,"href":"https:\/\/linitiative.ca\/International\/wp-json\/wp\/v2\/tags?post=147896"}],"curies":[{"name":"wp","href":"https:\/\/api.w.org\/{rel}","templated":true}]}}