{"id":147899,"date":"2022-05-17T09:20:26","date_gmt":"2022-05-17T13:20:26","guid":{"rendered":"https:\/\/linitiative.ca\/International\/ouverture-des-points-de-passage-de-bab-sebta-et-beni-ansar\/"},"modified":"2022-05-17T09:20:26","modified_gmt":"2022-05-17T13:20:26","slug":"ouverture-des-points-de-passage-de-bab-sebta-et-beni-ansar","status":"publish","type":"post","link":"https:\/\/linitiative.ca\/International\/ouverture-des-points-de-passage-de-bab-sebta-et-beni-ansar\/","title":{"rendered":"Ouverture des points de passage de Bab Sebta et Beni Ansar"},"content":{"rendered":"<div>\n<div class=\"field field-name-body field-type-text-with-summary field-label-hidden\">\n<div class=\"field-items\">\n<div class=\"field-item even\" property=\"content:encoded\">\n<p>Les points de passage de Bab Sebta et Beni Ansar ont \u00e9t\u00e9 ouverts, peu avant minuit dans la nuit de lundi \u00e0 mardi, \u00e0 la circulation des voyageurs (automobilistes et pi\u00e9tons) et ce, dans le respect des mesures sp\u00e9ciales d\u00e9cid\u00e9es dans le cadre de la lutte contre la pand\u00e9mie du Covid-19, lesquelles mesures sont toujours en vigueur afin de pr\u00e9server la sant\u00e9 des voyageurs durant le trajet.<\/p>\n<\/div>\n<\/div>\n<\/div>\n<\/div>\n<p>Auteur: mbasraoui<br \/>\n<a href=\"https:\/\/www.leconomiste.com\/flash-infos\/ouverture-des-points-de-passage-de-bab-sebta-et-beni-ansar\">Cliquez ici pour lire l&rsquo;article depuis sa source.<\/a><\/p>\n","protected":false},"excerpt":{"rendered":"<p>Les points de passage de Bab Sebta et Beni Ansar ont \u00e9t\u00e9 ouverts, peu avant minuit dans la nuit de lundi \u00e0 mardi, \u00e0 la circulation des voyageurs (automobilistes et pi\u00e9tons) et ce, dans le respect des mesures sp\u00e9ciales d\u00e9cid\u00e9es dans le cadre de la lutte contre la pand\u00e9mie du Covid-19, lesquelles mesures sont toujours [&hellip;]<\/p>\n","protected":false},"author":1763,"featured_media":0,"comment_status":"closed","ping_status":"closed","sticky":false,"template":"","format":"standard","meta":{"fifu_image_url":"","fifu_image_alt":"","footnotes":""},"categories":[78,54],"tags":[],"class_list":["post-147899","post","type-post","status-publish","format-standard","hentry","category-economie","category-maroc"],"_links":{"self":[{"href":"https:\/\/linitiative.ca\/International\/wp-json\/wp\/v2\/posts\/147899","targetHints":{"allow":["GET"]}}],"collection":[{"href":"https:\/\/linitiative.ca\/International\/wp-json\/wp\/v2\/posts"}],"about":[{"href":"https:\/\/linitiative.ca\/International\/wp-json\/wp\/v2\/types\/post"}],"author":[{"embeddable":true,"href":"https:\/\/linitiative.ca\/International\/wp-json\/wp\/v2\/users\/1763"}],"replies":[{"embeddable":true,"href":"https:\/\/linitiative.ca\/International\/wp-json\/wp\/v2\/comments?post=147899"}],"version-history":[{"count":0,"href":"https:\/\/linitiative.ca\/International\/wp-json\/wp\/v2\/posts\/147899\/revisions"}],"wp:attachment":[{"href":"https:\/\/linitiative.ca\/International\/wp-json\/wp\/v2\/media?parent=147899"}],"wp:term":[{"taxonomy":"category","embeddable":true,"href":"https:\/\/linitiative.ca\/International\/wp-json\/wp\/v2\/categories?post=147899"},{"taxonomy":"post_tag","embeddable":true,"href":"https:\/\/linitiative.ca\/International\/wp-json\/wp\/v2\/tags?post=147899"}],"curies":[{"name":"wp","href":"https:\/\/api.w.org\/{rel}","templated":true}]}}