{"id":147903,"date":"2022-05-17T07:09:00","date_gmt":"2022-05-17T11:09:00","guid":{"rendered":"https:\/\/linitiative.ca\/International\/le-bresil-naffrontera-pas-le-senegal-en-match-amical\/"},"modified":"2022-05-17T07:09:00","modified_gmt":"2022-05-17T11:09:00","slug":"le-bresil-naffrontera-pas-le-senegal-en-match-amical","status":"publish","type":"post","link":"https:\/\/linitiative.ca\/International\/le-bresil-naffrontera-pas-le-senegal-en-match-amical\/","title":{"rendered":"Le Br\u00e9sil n&rsquo;affrontera pas le S\u00e9n\u00e9gal en match amical"},"content":{"rendered":"<div>Alors qu\u2019il a un temps \u00e9t\u00e9 question d\u2019un match amical contre le Br\u00e9sil le 12 juin \u00e0 Paris, cette rencontre vient finalement de tomber \u00e0 l\u2019eau, r\u00e9v\u00e8le le journal Record<\/div>\n<p>Auteur:<br \/>\n<a href=\"https:\/\/www.lebuteur.com\/article\/detail?titre=le-bresil-naffrontera-pas-le-senegal-en-match-amical&#038;id=102880\">Cliquez ici pour lire l&rsquo;article depuis sa source.<\/a><\/p>\n","protected":false},"excerpt":{"rendered":"<p>Alors qu\u2019il a un temps \u00e9t\u00e9 question d\u2019un match amical contre le Br\u00e9sil le 12 juin \u00e0 Paris, cette rencontre vient finalement de tomber \u00e0 l\u2019eau, r\u00e9v\u00e8le le journal Record Auteur: Cliquez ici pour lire l&rsquo;article depuis sa source.<\/p>\n","protected":false},"author":1738,"featured_media":0,"comment_status":"closed","ping_status":"closed","sticky":false,"template":"","format":"standard","meta":{"fifu_image_url":"","fifu_image_alt":"","footnotes":""},"categories":[53,75],"tags":[],"class_list":["post-147903","post","type-post","status-publish","format-standard","hentry","category-algerie","category-sport"],"_links":{"self":[{"href":"https:\/\/linitiative.ca\/International\/wp-json\/wp\/v2\/posts\/147903","targetHints":{"allow":["GET"]}}],"collection":[{"href":"https:\/\/linitiative.ca\/International\/wp-json\/wp\/v2\/posts"}],"about":[{"href":"https:\/\/linitiative.ca\/International\/wp-json\/wp\/v2\/types\/post"}],"author":[{"embeddable":true,"href":"https:\/\/linitiative.ca\/International\/wp-json\/wp\/v2\/users\/1738"}],"replies":[{"embeddable":true,"href":"https:\/\/linitiative.ca\/International\/wp-json\/wp\/v2\/comments?post=147903"}],"version-history":[{"count":0,"href":"https:\/\/linitiative.ca\/International\/wp-json\/wp\/v2\/posts\/147903\/revisions"}],"wp:attachment":[{"href":"https:\/\/linitiative.ca\/International\/wp-json\/wp\/v2\/media?parent=147903"}],"wp:term":[{"taxonomy":"category","embeddable":true,"href":"https:\/\/linitiative.ca\/International\/wp-json\/wp\/v2\/categories?post=147903"},{"taxonomy":"post_tag","embeddable":true,"href":"https:\/\/linitiative.ca\/International\/wp-json\/wp\/v2\/tags?post=147903"}],"curies":[{"name":"wp","href":"https:\/\/api.w.org\/{rel}","templated":true}]}}