{"id":147922,"date":"2022-05-17T16:15:14","date_gmt":"2022-05-17T20:15:14","guid":{"rendered":"https:\/\/linitiative.ca\/International\/tunisie-le-ministre-de-leconomie-invite-30-hommes-daffaires-italiens-au-forum-de-linvestissement-tunisien\/"},"modified":"2022-05-17T16:15:14","modified_gmt":"2022-05-17T20:15:14","slug":"tunisie-le-ministre-de-leconomie-invite-30-hommes-daffaires-italiens-au-forum-de-linvestissement-tunisien","status":"publish","type":"post","link":"https:\/\/linitiative.ca\/International\/tunisie-le-ministre-de-leconomie-invite-30-hommes-daffaires-italiens-au-forum-de-linvestissement-tunisien\/","title":{"rendered":"Tunisie : Le Ministre de l\u2019Economie invite 30 hommes d\u2019affaires italiens au Forum de l\u2019Investissement Tunisien"},"content":{"rendered":"<div>\n<p>Le ministre de l\u2019Economie et de la Planification, Samir Sa\u00efd a effectu\u00e9 le 17 mai une visite de travail \u00e0 Milan dans le cadre d\u2019un \u00ab\u00a0roadshow\u00a0\u00bb organis\u00e9 en Italie, Allemagne, France et Espagne, dans le cadre de la promotion de la 20\u00e8me \u00e9dition du \u00ab Forum de l\u2019investissement Tunisien\u00bb \u2013 FIT tenue les 23 et [\u2026]<\/p>\n<p>L\u2019article <a href=\"https:\/\/www.tunisienumerique.com\/tunisie-le-ministre-de-leconomie-invite-30-hommes-daffaires-italiens-au-forum-de-linvestissement-tunisien\/\">Tunisie : Le Ministre de l\u2019Economie invite 30 hommes d\u2019affaires italiens au Forum de l\u2019Investissement Tunisien<\/a> est apparu en premier sur <a href=\"https:\/\/www.tunisienumerique.com\/\">Tunisie<\/a>.<\/p>\n<\/div>\n<p>Auteur: rania ben slimane<br \/>\n<a href=\"https:\/\/www.tunisienumerique.com\/tunisie-le-ministre-de-leconomie-invite-30-hommes-daffaires-italiens-au-forum-de-linvestissement-tunisien\/\">Cliquez ici pour lire l&rsquo;article depuis sa source.<\/a><\/p>\n","protected":false},"excerpt":{"rendered":"<p>Le ministre de l\u2019Economie et de la Planification, Samir Sa\u00efd a effectu\u00e9 le 17 mai une visite de travail \u00e0 Milan dans le cadre d\u2019un \u00ab\u00a0roadshow\u00a0\u00bb organis\u00e9 en Italie, Allemagne, France et Espagne, dans le cadre de la promotion de la 20\u00e8me \u00e9dition du \u00ab Forum de l\u2019investissement Tunisien\u00bb \u2013 FIT tenue les 23 et [&hellip;]<\/p>\n","protected":false},"author":1789,"featured_media":0,"comment_status":"closed","ping_status":"closed","sticky":false,"template":"","format":"standard","meta":{"fifu_image_url":"","fifu_image_alt":"","footnotes":""},"categories":[73,55],"tags":[],"class_list":["post-147922","post","type-post","status-publish","format-standard","hentry","category-actualite","category-tunisie"],"_links":{"self":[{"href":"https:\/\/linitiative.ca\/International\/wp-json\/wp\/v2\/posts\/147922","targetHints":{"allow":["GET"]}}],"collection":[{"href":"https:\/\/linitiative.ca\/International\/wp-json\/wp\/v2\/posts"}],"about":[{"href":"https:\/\/linitiative.ca\/International\/wp-json\/wp\/v2\/types\/post"}],"author":[{"embeddable":true,"href":"https:\/\/linitiative.ca\/International\/wp-json\/wp\/v2\/users\/1789"}],"replies":[{"embeddable":true,"href":"https:\/\/linitiative.ca\/International\/wp-json\/wp\/v2\/comments?post=147922"}],"version-history":[{"count":0,"href":"https:\/\/linitiative.ca\/International\/wp-json\/wp\/v2\/posts\/147922\/revisions"}],"wp:attachment":[{"href":"https:\/\/linitiative.ca\/International\/wp-json\/wp\/v2\/media?parent=147922"}],"wp:term":[{"taxonomy":"category","embeddable":true,"href":"https:\/\/linitiative.ca\/International\/wp-json\/wp\/v2\/categories?post=147922"},{"taxonomy":"post_tag","embeddable":true,"href":"https:\/\/linitiative.ca\/International\/wp-json\/wp\/v2\/tags?post=147922"}],"curies":[{"name":"wp","href":"https:\/\/api.w.org\/{rel}","templated":true}]}}