{"id":147928,"date":"2022-05-17T15:41:22","date_gmt":"2022-05-17T19:41:22","guid":{"rendered":"https:\/\/linitiative.ca\/International\/tentative-de-coup-detat-dejouee-au-mali-de-quoi-goita-a-t-il-peur\/"},"modified":"2022-05-17T15:41:22","modified_gmt":"2022-05-17T19:41:22","slug":"tentative-de-coup-detat-dejouee-au-mali-de-quoi-goita-a-t-il-peur","status":"publish","type":"post","link":"https:\/\/linitiative.ca\/International\/tentative-de-coup-detat-dejouee-au-mali-de-quoi-goita-a-t-il-peur\/","title":{"rendered":"TENTATIVE DE COUP D\u2019ETAT DEJOUEE AU MALI : De quoi Go\u00efta a-t-il peur\u00a0?"},"content":{"rendered":"<div>\n<p><img loading=\"lazy\" decoding=\"async\" width=\"592\" height=\"296\" src=\"https:\/\/linitiative.ca\/International\/wp-content\/uploads\/sites\/23\/2022\/05\/mali-1.jpg\" class=\"attachment- size- wp-post-image\" alt=\"\" style=\"float:left; margin:0 15px 15px 0;\" srcset=\"https:\/\/linitiative.ca\/International\/wp-content\/uploads\/sites\/23\/2022\/05\/mali-1.jpg 592w, https:\/\/lepays.bf\/wp-content\/uploads\/2022\/05\/mali-1-300x150.jpg 300w, https:\/\/lepays.bf\/wp-content\/uploads\/2022\/05\/mali-1-150x75.jpg 150w\" sizes=\"auto, (max-width: 592px) 100vw, 592px\">\u00ab\u00a0Le sorcier a peur du couteau\u00a0\u00bb, a-t-on coutume de dire. Cet adage, bien connu de notre terroir, s\u2019applique bien au pr\u00e9sident malien de la transition, Assimi Go\u00efta. En effet, voil\u00e0 un officier sup\u00e9rieur qui est arriv\u00e9 au pouvoir par la force des armes et qui, [\u2026]<\/p>\n<p>L\u2019article <a rel=\"nofollow\" href=\"https:\/\/lepays.bf\/tentative-de-coup-detat-dejouee-au-mali-de-quoi-goita-a-t-il-peur\/\">TENTATIVE DE COUP D\u2019ETAT DEJOUEE AU MALI : De quoi Go\u00efta a-t-il peur\u00a0?<\/a> est apparu en premier sur <a rel=\"nofollow\" href=\"https:\/\/lepays.bf\/\">Editions Le Pays<\/a>.<\/p>\n<\/div>\n<p>Auteur: Editions LEPAYS<br \/>\n<a href=\"https:\/\/lepays.bf\/tentative-de-coup-detat-dejouee-au-mali-de-quoi-goita-a-t-il-peur\/\">Cliquez ici pour lire l&rsquo;article depuis sa source.<\/a><\/p>\n","protected":false},"excerpt":{"rendered":"<p>\u00ab\u00a0Le sorcier a peur du couteau\u00a0\u00bb, a-t-on coutume de dire. Cet adage, bien connu de notre terroir, s\u2019applique bien au pr\u00e9sident malien de la transition, Assimi Go\u00efta. En effet, voil\u00e0 un officier sup\u00e9rieur qui est arriv\u00e9 au pouvoir par la force des armes et qui, [\u2026] L\u2019article TENTATIVE DE COUP D\u2019ETAT DEJOUEE AU MALI : [&hellip;]<\/p>\n","protected":false},"author":1813,"featured_media":0,"comment_status":"closed","ping_status":"closed","sticky":false,"template":"","format":"standard","meta":{"fifu_image_url":"https:\/\/lepays.bf\/wp-content\/uploads\/2022\/05\/mali-1.jpg","fifu_image_alt":"TENTATIVE DE COUP D\u2019ETAT DEJOUEE AU MALI : De quoi Go\u00efta a-t-il peur\u00a0?","footnotes":""},"categories":[73,81],"tags":[],"class_list":["post-147928","post","type-post","status-publish","format-standard","hentry","category-actualite","category-burkina-faso"],"_links":{"self":[{"href":"https:\/\/linitiative.ca\/International\/wp-json\/wp\/v2\/posts\/147928","targetHints":{"allow":["GET"]}}],"collection":[{"href":"https:\/\/linitiative.ca\/International\/wp-json\/wp\/v2\/posts"}],"about":[{"href":"https:\/\/linitiative.ca\/International\/wp-json\/wp\/v2\/types\/post"}],"author":[{"embeddable":true,"href":"https:\/\/linitiative.ca\/International\/wp-json\/wp\/v2\/users\/1813"}],"replies":[{"embeddable":true,"href":"https:\/\/linitiative.ca\/International\/wp-json\/wp\/v2\/comments?post=147928"}],"version-history":[{"count":0,"href":"https:\/\/linitiative.ca\/International\/wp-json\/wp\/v2\/posts\/147928\/revisions"}],"wp:attachment":[{"href":"https:\/\/linitiative.ca\/International\/wp-json\/wp\/v2\/media?parent=147928"}],"wp:term":[{"taxonomy":"category","embeddable":true,"href":"https:\/\/linitiative.ca\/International\/wp-json\/wp\/v2\/categories?post=147928"},{"taxonomy":"post_tag","embeddable":true,"href":"https:\/\/linitiative.ca\/International\/wp-json\/wp\/v2\/tags?post=147928"}],"curies":[{"name":"wp","href":"https:\/\/api.w.org\/{rel}","templated":true}]}}