{"id":147930,"date":"2022-05-17T06:06:48","date_gmt":"2022-05-17T10:06:48","guid":{"rendered":"https:\/\/linitiative.ca\/International\/mine-de-perkoa-le-dispositif-sanitaire-et-devacuation-des-mineurs-deploye-sur-le-site\/"},"modified":"2022-05-17T06:06:48","modified_gmt":"2022-05-17T10:06:48","slug":"mine-de-perkoa-le-dispositif-sanitaire-et-devacuation-des-mineurs-deploye-sur-le-site","status":"publish","type":"post","link":"https:\/\/linitiative.ca\/International\/mine-de-perkoa-le-dispositif-sanitaire-et-devacuation-des-mineurs-deploye-sur-le-site\/","title":{"rendered":"Mine de Perkoa: le dispositif sanitaire et d\u2019\u00e9vacuation des mineurs d\u00e9ploy\u00e9 sur le site"},"content":{"rendered":"<div>\n<p>Le mat\u00e9riel mobilis\u00e9 pour la prise en charge sanitaire et l\u2019\u00e9vacuation des mineurs bloqu\u00e9s dans les galeries est d\u00e9ploy\u00e9 sur le site de la mine pour permettre une prise en charge rapide des huit mineurs au cas o\u00f9 on les aura retrouv\u00e9s.<\/p>\n<p>Selon les informations de la d\u00e9l\u00e9gation gouvernementale, le bout du tunnel est proche. La presse s\u2019est mobilis\u00e9e au comit\u00e9 de crise bas\u00e9 au Haut-commissariat de R\u00e9o dans le Sangui\u00e9.<\/p>\n<p>Des informations relay\u00e9es hier lundi indiquaient que la chambre de refuge aurait \u00e9t\u00e9 retrouv\u00e9e vide se r\u00e9v\u00e8lent infond\u00e9es selon les explicatioons fournies par l\u2019\u00e9quipe de sapeur-pompiers qui ont fait une premi\u00e8re plong\u00e9e \u00e0 l\u2019int\u00e9rieur de la galerie.<\/p>\n<p style=\"text-align: right\"><strong>Sidwaya.info<\/strong><\/p>\n<\/div>\n<p>Auteur: Wamini SIDWAYA<br \/>\n<a href=\"https:\/\/www.sidwaya.info\/blog\/2022\/05\/17\/mine-de-perkoa-le-dispositif-sanitaire-et-devacuation-des-mineurs-deploye-sur-le-site\/\">Cliquez ici pour lire l&rsquo;article depuis sa source.<\/a><\/p>\n","protected":false},"excerpt":{"rendered":"<p>Le mat\u00e9riel mobilis\u00e9 pour la prise en charge sanitaire et l\u2019\u00e9vacuation des mineurs bloqu\u00e9s dans les galeries est d\u00e9ploy\u00e9 sur le site de la mine pour permettre une prise en charge rapide des huit mineurs au cas o\u00f9 on les aura retrouv\u00e9s. Selon les informations de la d\u00e9l\u00e9gation gouvernementale, le bout du tunnel est proche. [&hellip;]<\/p>\n","protected":false},"author":1816,"featured_media":0,"comment_status":"closed","ping_status":"closed","sticky":false,"template":"","format":"standard","meta":{"fifu_image_url":"","fifu_image_alt":"","footnotes":""},"categories":[73,81],"tags":[],"class_list":["post-147930","post","type-post","status-publish","format-standard","hentry","category-actualite","category-burkina-faso"],"_links":{"self":[{"href":"https:\/\/linitiative.ca\/International\/wp-json\/wp\/v2\/posts\/147930","targetHints":{"allow":["GET"]}}],"collection":[{"href":"https:\/\/linitiative.ca\/International\/wp-json\/wp\/v2\/posts"}],"about":[{"href":"https:\/\/linitiative.ca\/International\/wp-json\/wp\/v2\/types\/post"}],"author":[{"embeddable":true,"href":"https:\/\/linitiative.ca\/International\/wp-json\/wp\/v2\/users\/1816"}],"replies":[{"embeddable":true,"href":"https:\/\/linitiative.ca\/International\/wp-json\/wp\/v2\/comments?post=147930"}],"version-history":[{"count":0,"href":"https:\/\/linitiative.ca\/International\/wp-json\/wp\/v2\/posts\/147930\/revisions"}],"wp:attachment":[{"href":"https:\/\/linitiative.ca\/International\/wp-json\/wp\/v2\/media?parent=147930"}],"wp:term":[{"taxonomy":"category","embeddable":true,"href":"https:\/\/linitiative.ca\/International\/wp-json\/wp\/v2\/categories?post=147930"},{"taxonomy":"post_tag","embeddable":true,"href":"https:\/\/linitiative.ca\/International\/wp-json\/wp\/v2\/tags?post=147930"}],"curies":[{"name":"wp","href":"https:\/\/api.w.org\/{rel}","templated":true}]}}