{"id":147935,"date":"2022-05-17T08:27:10","date_gmt":"2022-05-17T12:27:10","guid":{"rendered":"https:\/\/linitiative.ca\/International\/tuy-incendie-a-la-mine-dor-de-hounde-des-orpailleurs-mecontents-seraient-la-cause\/"},"modified":"2022-05-17T08:27:10","modified_gmt":"2022-05-17T12:27:10","slug":"tuy-incendie-a-la-mine-dor-de-hounde-des-orpailleurs-mecontents-seraient-la-cause","status":"publish","type":"post","link":"https:\/\/linitiative.ca\/International\/tuy-incendie-a-la-mine-dor-de-hounde-des-orpailleurs-mecontents-seraient-la-cause\/","title":{"rendered":"Tuy\u00a0: Incendie \u00e0 la mine d\u2019or de Hound\u00e9, des orpailleurs m\u00e9contents seraient la cause"},"content":{"rendered":"<div>\n<p><strong>Depuis la matin\u00e9e du mardi 17 mai 2022, des orpailleurs manifestent leur m\u00e9contentement vis-\u00e0-vis de la soci\u00e9t\u00e9 mini\u00e8re Hound\u00e9 Gold op\u00e9ration sur la Route nationale n\u00b01 (RN1). <\/strong><\/p>\n<p>Depuis le centre-ville de Hound\u00e9, une fum\u00e9e noire se d\u00e9gage des installations de la mine alors que des manifestations ont cours sur la route nationale N\u00b01.<\/p>\n<p>Ce m\u00e9contentement, a-t-on appris, serait li\u00e9 \u00e0 l\u2019arrestation, par les services de s\u00e9curit\u00e9 de la mine de Hound\u00e9, d\u2019orpailleurs en activit\u00e9 dans le p\u00e9rim\u00e8tre de la mine. Ces derniers estiment avoir d\u00e9couvert l\u2019or avant l\u2019arriv\u00e9e de la mine.<\/p>\n<p>Les marcheurs sont partis du centre-ville de Hound\u00e9 avant d\u2019\u00eatre stopp\u00e9s par les grillages de s\u00e9curit\u00e9 de la mine.<\/p>\n<p>Selon Adolphe Koala, ex premier adjoint au maire de Hound\u00e9, les orpailleurs se sont d\u2019abord r\u00e9unis au centre-ville, en nombre \u00ab tr\u00e8s important \u00bb avant de se diriger vers la mine. A \u00e9couter l\u2019ancien \u00e9dile adjoint, tout v\u00e9hicule de la mine \u00e9tait saccag\u00e9 sur le passage des manifestants. La s\u00e9curit\u00e9 de la mine est rest\u00e9e impuissante face au nombre important des orpailleurs qui ont \u00e9galement saccag\u00e9 la gu\u00e9rite.<\/p>\n<figure id=\"attachment_49548\" aria-describedby=\"caption-attachment-49548\" style=\"width: 720px\" class=\"wp-caption alignnone\"><img decoding=\"async\" data-attachment-id=\"49548\" data-permalink=\"https:\/\/www.sidwaya.info\/blog\/2022\/05\/17\/alerte-incidents-a-la-mine-de-hounde\/whatsapp-image-2022-05-17-at-14-27-25\/\" data-orig-file=\"https:\/\/linitiative.ca\/International\/wp-content\/uploads\/sites\/23\/2022\/05\/WhatsApp-Image-2022-05-17-at-14.27.25.jpeg\" data-orig-size=\"720,960\" data-comments-opened=\"1\" data-image-meta='{\"aperture\":\"0\",\"credit\":\"\",\"camera\":\"\",\"caption\":\"\",\"created_timestamp\":\"0\",\"copyright\":\"\",\"focal_length\":\"0\",\"iso\":\"0\",\"shutter_speed\":\"0\",\"title\":\"\",\"orientation\":\"0\"}' data-image-title=\"Fum\u00e9e provenant de la mine d&amp;rsquo;or de Hound\u00e9\" data-image-description=\"\" data-image-caption=\"&lt;p&gt;Des orpailleurs manifestent sur la RN1 contre la mine d&amp;rsquo;or de Hound\u00e9&lt;\/p&gt;\n\" data-medium-file=\"https:\/\/www.sidwaya.info\/wp-content\/uploads\/2022\/05\/WhatsApp-Image-2022-05-17-at-14.27.25-225x300.jpeg\" data-large-file=\"https:\/\/linitiative.ca\/International\/wp-content\/uploads\/sites\/23\/2022\/05\/WhatsApp-Image-2022-05-17-at-14.27.25.jpeg\" loading=\"lazy\" class=\"size-full wp-image-49548\" src=\"https:\/\/linitiative.ca\/International\/wp-content\/uploads\/sites\/23\/2022\/05\/WhatsApp-Image-2022-05-17-at-14.27.25.jpeg\" alt=\"\" width=\"720\" height=\"960\" srcset=\"https:\/\/linitiative.ca\/International\/wp-content\/uploads\/sites\/23\/2022\/05\/WhatsApp-Image-2022-05-17-at-14.27.25.jpeg 720w, https:\/\/www.sidwaya.info\/wp-content\/uploads\/2022\/05\/WhatsApp-Image-2022-05-17-at-14.27.25-225x300.jpeg 225w, https:\/\/www.sidwaya.info\/wp-content\/uploads\/2022\/05\/WhatsApp-Image-2022-05-17-at-14.27.25-150x200.jpeg 150w, https:\/\/www.sidwaya.info\/wp-content\/uploads\/2022\/05\/WhatsApp-Image-2022-05-17-at-14.27.25-300x400.jpeg 300w, https:\/\/www.sidwaya.info\/wp-content\/uploads\/2022\/05\/WhatsApp-Image-2022-05-17-at-14.27.25-696x928.jpeg 696w, https:\/\/www.sidwaya.info\/wp-content\/uploads\/2022\/05\/WhatsApp-Image-2022-05-17-at-14.27.25-315x420.jpeg 315w\" sizes=\"auto, (max-width: 720px) 100vw, 720px\"><figcaption id=\"caption-attachment-49548\" class=\"wp-caption-text\">Des orpailleurs manifestent sur la RN1 contre la mine d\u2019or de Hound\u00e9<\/figcaption><\/figure>\n<blockquote>\n<p>\u00ab Ils ont pu saccager le grillage et incendier des v\u00e9hicules de la mine \u00bb, a confi\u00e9 une source.<\/p>\n<\/blockquote>\n<p>Jusqu\u2019\u00e0 12h, la tension \u00e9tait vive et les orpailleurs continuent d\u2019occuper la Route nationale n\u00b01.<\/p>\n<div class=\"kvgmc6g5 cxmmr5t8 oygrvhab hcukyx3x c1et5uql ii04i59q\">\n<div dir=\"auto\">Adama Traor\u00e9, le pr\u00e9sident du comit\u00e9 de veille citoyenne (CVC), un mouvement de la soci\u00e9t\u00e9 civile engag\u00e9 pour une gestion transparente des finances publiques \u00e0 Hound\u00e9, a confirm\u00e9 \u00e0 nos confr\u00e8res de Burkina24 que <a href=\"https:\/\/burkina24.com\/2022\/05\/17\/exploitation-miniere-au-burkina-chaude-journee-a-hounde-gold-operation\/\" target=\"_blank\" rel=\"noopener\">plusieurs v\u00e9hicules du personnel ont \u00e9t\u00e9 incendi\u00e9s par les orpailleurs traditionnels en mouvement d\u2019humeur spontan\u00e9<\/a>.<\/div>\n<div dir=\"auto\"><\/div>\n<\/div>\n<div class=\"cxmmr5t8 oygrvhab hcukyx3x c1et5uql o9v6fnle ii04i59q\">\n<div dir=\"auto\">Les orpailleurs artisanaux reprochent aux responsables de la mine de s\u2019\u00eatre accapar\u00e9 de leurs sites. Ils auraient \u00e9t\u00e9 d\u00e9guerpis, hier 16 mai 2022, des lieux qu\u2019ils exploitaient jusque-l\u00e0. C\u2019est ainsi qu\u2019ils ont d\u00e9cid\u00e9 de prendre d\u2019assaut la mine et incendi\u00e9 ses installations.<\/div>\n<div dir=\"auto\"><\/div>\n<\/div>\n<p>La mine d\u2019or de Hound\u00e9 est exploit\u00e9e par la soci\u00e9t\u00e9 canadienne Endeavour mining. Le lancement officiel des travaux de construction de la mine est intervenu le 30 juin 2016. Son entr\u00e9e en production a \u00e9t\u00e9 inaugur\u00e9e le 09 d\u00e9cembre 2017 pour une capacit\u00e9 estim\u00e9e \u00e0 190 000 onces d\u2019or sur dix ans.<\/p>\n<p style=\"text-align: right\"><strong>Sidwaya.info avec AIB\/Tuy<\/strong><\/p>\n<\/div>\n<p>Auteur: Wamini SIDWAYA<br \/>\n<a href=\"https:\/\/www.sidwaya.info\/blog\/2022\/05\/17\/alerte-incidents-a-la-mine-de-hounde\/\">Cliquez ici pour lire l&rsquo;article depuis sa source.<\/a><\/p>\n","protected":false},"excerpt":{"rendered":"<p>Depuis la matin\u00e9e du mardi 17 mai 2022, des orpailleurs manifestent leur m\u00e9contentement vis-\u00e0-vis de la soci\u00e9t\u00e9 mini\u00e8re Hound\u00e9 Gold op\u00e9ration sur la Route nationale n\u00b01 (RN1). Depuis le centre-ville de Hound\u00e9, une fum\u00e9e noire se d\u00e9gage des installations de la mine alors que des manifestations ont cours sur la route nationale N\u00b01. Ce m\u00e9contentement, [&hellip;]<\/p>\n","protected":false},"author":1816,"featured_media":0,"comment_status":"closed","ping_status":"closed","sticky":false,"template":"","format":"standard","meta":{"fifu_image_url":"https:\/\/www.sidwaya.info\/wp-content\/uploads\/2022\/05\/WhatsApp-Image-2022-05-17-at-14.27.25.jpeg","fifu_image_alt":"Tuy\u00a0: Incendie \u00e0 la mine d\u2019or de Hound\u00e9, des orpailleurs m\u00e9contents seraient la cause","footnotes":""},"categories":[73,81],"tags":[],"class_list":["post-147935","post","type-post","status-publish","format-standard","hentry","category-actualite","category-burkina-faso"],"_links":{"self":[{"href":"https:\/\/linitiative.ca\/International\/wp-json\/wp\/v2\/posts\/147935","targetHints":{"allow":["GET"]}}],"collection":[{"href":"https:\/\/linitiative.ca\/International\/wp-json\/wp\/v2\/posts"}],"about":[{"href":"https:\/\/linitiative.ca\/International\/wp-json\/wp\/v2\/types\/post"}],"author":[{"embeddable":true,"href":"https:\/\/linitiative.ca\/International\/wp-json\/wp\/v2\/users\/1816"}],"replies":[{"embeddable":true,"href":"https:\/\/linitiative.ca\/International\/wp-json\/wp\/v2\/comments?post=147935"}],"version-history":[{"count":0,"href":"https:\/\/linitiative.ca\/International\/wp-json\/wp\/v2\/posts\/147935\/revisions"}],"wp:attachment":[{"href":"https:\/\/linitiative.ca\/International\/wp-json\/wp\/v2\/media?parent=147935"}],"wp:term":[{"taxonomy":"category","embeddable":true,"href":"https:\/\/linitiative.ca\/International\/wp-json\/wp\/v2\/categories?post=147935"},{"taxonomy":"post_tag","embeddable":true,"href":"https:\/\/linitiative.ca\/International\/wp-json\/wp\/v2\/tags?post=147935"}],"curies":[{"name":"wp","href":"https:\/\/api.w.org\/{rel}","templated":true}]}}