{"id":147940,"date":"2022-05-17T09:18:03","date_gmt":"2022-05-17T13:18:03","guid":{"rendered":"https:\/\/linitiative.ca\/International\/zuma-implique-dans-une-affaire-de-vente-darmes\/"},"modified":"2022-05-17T09:18:03","modified_gmt":"2022-05-17T13:18:03","slug":"zuma-implique-dans-une-affaire-de-vente-darmes","status":"publish","type":"post","link":"https:\/\/linitiative.ca\/International\/zuma-implique-dans-une-affaire-de-vente-darmes\/","title":{"rendered":"Zuma impliqu\u00e9 dans une affaire de vente d\u2019armes"},"content":{"rendered":"<div>\n<p><img decoding=\"async\" width=\"958\" height=\"476\" src=\"https:\/\/linitiative.ca\/International\/wp-content\/uploads\/sites\/23\/2022\/05\/16527934834598.jpg\" class=\"attachment-post-thumbnail size-post-thumbnail wp-post-image\" alt=\"\" loading=\"lazy\" srcset=\"https:\/\/linitiative.ca\/International\/wp-content\/uploads\/sites\/23\/2022\/05\/16527934834598.jpg 958w, https:\/\/www.journalducameroun.com\/wp-content\/uploads\/2022\/05\/16527934834598-300x149.jpg 300w, https:\/\/www.journalducameroun.com\/wp-content\/uploads\/2022\/05\/16527934834598-768x382.jpg 768w, https:\/\/www.journalducameroun.com\/wp-content\/uploads\/2022\/05\/16527934834598-886x440.jpg 886w, https:\/\/www.journalducameroun.com\/wp-content\/uploads\/2022\/05\/16527934834598-600x298.jpg 600w\" sizes=\"auto, (max-width: 958px) 100vw, 958px\"><\/p>\n<p>L&rsquo;ancien pr\u00e9sident sud-africain (2009-2018) Jacob Zuma, est poursuivi pour corruption, dans une affaire de ventes d&rsquo;armes avec Thal\u00e8s, le g\u00e9ant fran\u00e7ais de l&rsquo;armement.Jacob Zuma, 79 ans, est soup\u00e7onn\u00e9 d&rsquo;avoir touch\u00e9 des pots-de-vin de la part du groupe fran\u00e7ais Thales, dans un contrat d&rsquo;armement de pr\u00e8s de 4 milliards d&rsquo;euros attribu\u00e9 en 1999. \u00c0 l&rsquo;\u00e9poque des faits, il \u00e9tait \u00ab\u2009ministre\u2009\u00bb provincial puis vice-pr\u00e9sident d&rsquo;Afrique du Sud.<\/p>\n<p>Jacob Zuma est retourn\u00e9 \u00e0 la Haute Cour de Pietermaritzburg ce mardi son proc\u00e8s. Mais l&rsquo;audience devrait \u00eatre report\u00e9e en raison d&rsquo;un recours introduit par les avocats de l&rsquo;ancien pr\u00e9sident sud-africain. En effet, le mois dernier, le juge de la Haute Cour Piet Koen a accord\u00e9 \u00e0 l&rsquo;ancien pr\u00e9sident sud-africain, un report du proc\u00e8s dans l&rsquo;attente du r\u00e9sultat de la demande de ce dernier attribu\u00e9e au juge-pr\u00e9sident de la Cour supr\u00eame Mandisa Maya. Un report se dessine, car la demande n&rsquo;est pas encore examin\u00e9e.<\/p>\n<p>Zuma demande \u00e0 Mandisa Maya de reconsid\u00e9rer sa demande de renvoi du procureur principal Billy Downer pour \u00ab partialit\u00e9 \u00bb pr\u00e9sum\u00e9e contre l&rsquo;ancien pr\u00e9sident. La Cour supr\u00eame avait pr\u00e9c\u00e9demment rejet\u00e9 la demande d&rsquo;autorisation d&rsquo;appel de Zuma.<\/p>\n<p>L&rsquo;ancien pr\u00e9sident fait face \u00e0 16 accusations de corruption aux c\u00f4t\u00e9s de Thales, le fabricant d&rsquo;armes fran\u00e7ais, qui remontent \u00e0 1999. A l&rsquo;\u00e9poque, Thabo Mbeki, le pr\u00e9sident de la R\u00e9publique, l&rsquo;avait m\u00eame d\u00e9mis de ses fonctions de vice-pr\u00e9sident en raison de ces all\u00e9gations de corruption.<\/p>\n<p>Cet article <a rel=\"nofollow\" href=\"https:\/\/www.journalducameroun.com\/zuma-implique-dans-une-affaire-de-vente-darmes\/\">Zuma impliqu\u00e9 dans une affaire de vente d\u2019armes<\/a> est apparu en premier sur <a rel=\"nofollow\" href=\"https:\/\/www.journalducameroun.com\/\">Journal du Cameroun<\/a>.<\/p>\n<\/div>\n<p>Auteur: APA News<br \/>\n<a href=\"https:\/\/www.journalducameroun.com\/zuma-implique-dans-une-affaire-de-vente-darmes\/\">Cliquez ici pour lire l&rsquo;article depuis sa source.<\/a><\/p>\n","protected":false},"excerpt":{"rendered":"<p>L&rsquo;ancien pr\u00e9sident sud-africain (2009-2018) Jacob Zuma, est poursuivi pour corruption, dans une affaire de ventes d&rsquo;armes avec Thal\u00e8s, le g\u00e9ant fran\u00e7ais de l&rsquo;armement.Jacob Zuma, 79 ans, est soup\u00e7onn\u00e9 d&rsquo;avoir touch\u00e9 des pots-de-vin de la part du groupe fran\u00e7ais Thales, dans un contrat d&rsquo;armement de pr\u00e8s de 4 milliards d&rsquo;euros attribu\u00e9 en 1999. \u00c0 l&rsquo;\u00e9poque des [&hellip;]<\/p>\n","protected":false},"author":1965,"featured_media":0,"comment_status":"closed","ping_status":"closed","sticky":false,"template":"","format":"standard","meta":{"fifu_image_url":"https:\/\/www.journalducameroun.com\/wp-content\/uploads\/2022\/05\/16527934834598.jpg","fifu_image_alt":"Zuma impliqu\u00e9 dans une affaire de vente d\u2019armes","footnotes":""},"categories":[73,82],"tags":[],"class_list":["post-147940","post","type-post","status-publish","format-standard","hentry","category-actualite","category-cameroun"],"_links":{"self":[{"href":"https:\/\/linitiative.ca\/International\/wp-json\/wp\/v2\/posts\/147940","targetHints":{"allow":["GET"]}}],"collection":[{"href":"https:\/\/linitiative.ca\/International\/wp-json\/wp\/v2\/posts"}],"about":[{"href":"https:\/\/linitiative.ca\/International\/wp-json\/wp\/v2\/types\/post"}],"author":[{"embeddable":true,"href":"https:\/\/linitiative.ca\/International\/wp-json\/wp\/v2\/users\/1965"}],"replies":[{"embeddable":true,"href":"https:\/\/linitiative.ca\/International\/wp-json\/wp\/v2\/comments?post=147940"}],"version-history":[{"count":0,"href":"https:\/\/linitiative.ca\/International\/wp-json\/wp\/v2\/posts\/147940\/revisions"}],"wp:attachment":[{"href":"https:\/\/linitiative.ca\/International\/wp-json\/wp\/v2\/media?parent=147940"}],"wp:term":[{"taxonomy":"category","embeddable":true,"href":"https:\/\/linitiative.ca\/International\/wp-json\/wp\/v2\/categories?post=147940"},{"taxonomy":"post_tag","embeddable":true,"href":"https:\/\/linitiative.ca\/International\/wp-json\/wp\/v2\/tags?post=147940"}],"curies":[{"name":"wp","href":"https:\/\/api.w.org\/{rel}","templated":true}]}}