{"id":147952,"date":"2022-05-17T09:21:41","date_gmt":"2022-05-17T13:21:41","guid":{"rendered":"https:\/\/linitiative.ca\/International\/blanchiment-des-capitaux-le-cameroun-mis-en-demeure-par-le-gabac\/"},"modified":"2022-05-17T09:21:41","modified_gmt":"2022-05-17T13:21:41","slug":"blanchiment-des-capitaux-le-cameroun-mis-en-demeure-par-le-gabac","status":"publish","type":"post","link":"https:\/\/linitiative.ca\/International\/blanchiment-des-capitaux-le-cameroun-mis-en-demeure-par-le-gabac\/","title":{"rendered":"Blanchiment des capitaux\u00a0: le Cameroun mis en demeure par le Gabac"},"content":{"rendered":"<div>\n<p>D\u2019apr\u00e8s les r\u00e9sultats de deux \u00e9valuations men\u00e9es alternativement par le gouvernement du Cameroun (Evaluation nationale des risques) et le Groupe d\u2019action contre le blanchiment d\u2019argent en Afrique centrale (Gabac), le Cameroun affiche la note \u00ab\u00c9lev\u00e9\u00bb, concernant les risques de blanchiment des capitaux. Cet indice n\u00e9gatif fait suite aux multiples facteurs de vuln\u00e9rabilit\u00e9 que pr\u00e9sente le dispositif de lutte contre ce fl\u00e9au \u00e9conomique. Le cas du Cameroun a \u00e9t\u00e9 \u00e9voqu\u00e9, du 11 au 13 mai 2022 \u00e0 Douala, lors de la deuxi\u00e8me session de formation des magistrats et officiers de police judiciaire. Des pesanteurs administratives et techniques freinent la mise en \u0153uvre des engagements du Cameroun dans le cadre du blanchiment des capitaux et le financement du terrorisme.<\/p>\n<p><strong>Lire aussi : <a href=\"https:\/\/ecomatin.net\/le-cameroun-va-etendre-le-secret-bancaire-aux-x-microfinances-et-aux-operateurs-de-mobile-money\/\" target=\"_blank\" rel=\"noreferrer noopener\">Le Cameroun va \u00e9tendre le secret bancaire aux microfinances et aux op\u00e9rateurs de Mobile Money<\/a><\/strong><\/p>\n<p>\u00abQu\u2019est-ce qui pourrait expliquer l\u2019absence de d\u00e9cisions pour blanchiment, alors m\u00eame que d\u2019apr\u00e8s l\u2019\u00e9valuation nationale\u00a0\u00a0des risques conduite par nous-m\u00eames, le risque de blanchiment est jug\u00e9 \u00e9lev\u00e9, \u00e0 cause des multiples facteurs de vuln\u00e9rabilit\u00e9 que pr\u00e9sente notre dispositif? Ensuite, comment comprendre que les rapports envoy\u00e9s par l\u2019Anif aux diff\u00e9rentes autorit\u00e9s de poursuites, et dont la qualit\u00e9 est jug\u00e9e bonne, non seulement par les autorit\u00e9s saisies, mais aussi par les experts du Gabac, n\u2019aboutissent pas encore \u00e5 des condamnations pour blanchiment? Enfin, \u00e0 quel niveau de notre dispositif se trouverait le probl\u00e8me? \u00bb, s\u2019est opportun\u00e9ment interrog\u00e9 Louis Paul Motaze, le ministre des Finances.<\/p>\n<p><strong>Acteurs concern\u00e9s<\/strong><\/p>\n<p>Plusieurs dysfonctionnements ont effectivement \u00e9t\u00e9 relev\u00e9s: manque et r\u00e9tention des d\u00e9cisions de justice, non d\u00e9claration des cas suspects de blanchiment de capitaux et de financiers du terrorisme, lourdeurs administratives, collusion frauduleuse entre services comp\u00e9tents et criminels etc.<\/p>\n<p><strong>Lire aussi : <a href=\"https:\/\/ecomatin.net\/criminalite-financiere-de-grandes-banques-impliquees-dans-du-blanchiment-dargent\/\" target=\"_blank\" rel=\"noreferrer noopener\">Criminalit\u00e9 financi\u00e8re : de grandes banques impliqu\u00e9es dans du blanchiment d\u2019argent<\/a><\/strong><\/p>\n<p>Le 22 mars 2022, le Gabac, par le biais de son Pr\u00e9sident Marcus Pleyer, a adress\u00e9 une lettre d\u2019observation au gouvernement camerounais sur les lacunes et les insuffisances du dispositif camerounais de lutte contre le blanchiment des capitaux et du financement du terrorisme. \u00ab\u00a0La lutte contre le blanchiment des capitaux et le financement du terrorisme concernent trois acteurs principaux. En amont, les professions assujetties, au centre, il y\u2019a l\u2019Anif (Alliance nationale d\u2019investigation financi\u00e8re)\u00a0\u00a0et en aval, il y\u2019a les autorit\u00e9s de poursuite et de r\u00e9flexion. Il ressort \u00e9galement que l\u2019Anif, et les professions assujetties font leur travail, mais les autorit\u00e9s de poursuite se heurtent \u00e0 l\u2019absence de loi sur le blanchiment des capitaux\u00a0\u00bb, a affirm\u00e9 le Directeur g\u00e9n\u00e9ral de l\u2019Anif, Hubert Nde Sambone.<\/p>\n<p><strong>Comit\u00e9 de surveillance<\/strong><\/p>\n<p>Le Cameroun dispose par cons\u00e9quent d\u2019un peu plus de 6 mois, jusqu\u2019en f\u00e9vrier 2023, pour apporter des r\u00e9ponses satisfaisantes aux recommandations principales faites par les experts du Gabac qui ont \u00e9valu\u00e9 le dispositif contest\u00e9. \u00ab\u00a0\u00c0 titre de rappel, le blanchiment des capitaux peut entrainer des bouleversements de notre \u00e9quilibre macro-\u00e9conomique, le discr\u00e9dit de notre syst\u00e8me financier, et la perte de la confiance de nos partenaires financiers internationaux\u00a0\u00bb, a ajout\u00e9 Louis Paul Motaze.<\/p>\n<p>Rappelons que l\u2019Anif a lanc\u00e9 un plan d\u2019actions prioritaires, pour la p\u00e9riode 2021-2024. Ledit plan permettra de corriger les lacunes li\u00e9es \u00e0 l\u2019absence d\u2019un cadre juridique formel r\u00e9gissant les soci\u00e9t\u00e9s de transfert de fonds, l\u2019absence de corps sp\u00e9cialis\u00e9s au sein des autorit\u00e9s d\u2019enqu\u00eates et de poursuites en mati\u00e8re de financement du terrorisme, l\u2019absence de sanctions administratives et p\u00e9nales dans la mise en application des diligences de lutte contre le blanchiment d\u2019argent et le financement du terrorisme\u00bb.<\/p>\n<p><strong>Lire aussi : <a href=\"https:\/\/ecomatin.net\/finances-le-cameroun-cible-par-une-enquete-sur-le-blanchiment-dargent\/\" target=\"_blank\" rel=\"noreferrer noopener\">Finances : le Cameroun cibl\u00e9 par une enqu\u00eate sur le blanchiment d\u2019argent<\/a><\/strong><\/p>\n<p>D\u2019apr\u00e8s les statistiques officielles, les d\u00e9clarations de soup\u00e7ons re\u00e7ues par l\u2019Anif sont pass\u00e9es de 450 \u00e0 782 d\u00e9clarations, entre 2019 et 2020. L\u2019agence d\u2019investigation a transmis plus de 300 rapports aux autorit\u00e9s judiciaires en 2020. Le Cameroun, \u00e0 travers le minist\u00e8re des Finances, a mis sur pied un Comit\u00e9 de surveillance et de r\u00e9flexion, afin de permettre aux diff\u00e9rents acteurs d\u2019apporter des solutions aux probl\u00e8mes soulev\u00e9s par le Gabac. Supervis\u00e9 par le ministre des Finances et pilot\u00e9 par l\u2019Anif, les membres de ce Comit\u00e9 de surveillance et de r\u00e9flexion ont \u00e9t\u00e9 nomm\u00e9s, le 14 avril 2022.<\/p>\n<p>L\u2019article <a rel=\"nofollow\" href=\"https:\/\/ecomatin.net\/blanchiment-des-capitaux-le-cameroun-mis-en-demeure-par-le-gabac\/\">Blanchiment des capitaux\u00a0: le Cameroun mis en demeure par le Gabac<\/a> est apparu en premier sur <a rel=\"nofollow\" href=\"https:\/\/ecomatin.net\/\">EcoMatin<\/a>.<\/p>\n<\/div>\n<p>Auteur: Georges Semey<br \/>\n<a href=\"https:\/\/ecomatin.net\/blanchiment-des-capitaux-le-cameroun-mis-en-demeure-par-le-gabac\/\">Cliquez ici pour lire l&rsquo;article depuis sa source.<\/a><\/p>\n","protected":false},"excerpt":{"rendered":"<p>D\u2019apr\u00e8s les r\u00e9sultats de deux \u00e9valuations men\u00e9es alternativement par le gouvernement du Cameroun (Evaluation nationale des risques) et le Groupe d\u2019action contre le blanchiment d\u2019argent en Afrique centrale (Gabac), le Cameroun affiche la note \u00ab\u00c9lev\u00e9\u00bb, concernant les risques de blanchiment des capitaux. Cet indice n\u00e9gatif fait suite aux multiples facteurs de vuln\u00e9rabilit\u00e9 que pr\u00e9sente le [&hellip;]<\/p>\n","protected":false},"author":1969,"featured_media":0,"comment_status":"closed","ping_status":"closed","sticky":false,"template":"","format":"standard","meta":{"fifu_image_url":"","fifu_image_alt":"","footnotes":""},"categories":[82,78],"tags":[],"class_list":["post-147952","post","type-post","status-publish","format-standard","hentry","category-cameroun","category-economie"],"_links":{"self":[{"href":"https:\/\/linitiative.ca\/International\/wp-json\/wp\/v2\/posts\/147952","targetHints":{"allow":["GET"]}}],"collection":[{"href":"https:\/\/linitiative.ca\/International\/wp-json\/wp\/v2\/posts"}],"about":[{"href":"https:\/\/linitiative.ca\/International\/wp-json\/wp\/v2\/types\/post"}],"author":[{"embeddable":true,"href":"https:\/\/linitiative.ca\/International\/wp-json\/wp\/v2\/users\/1969"}],"replies":[{"embeddable":true,"href":"https:\/\/linitiative.ca\/International\/wp-json\/wp\/v2\/comments?post=147952"}],"version-history":[{"count":0,"href":"https:\/\/linitiative.ca\/International\/wp-json\/wp\/v2\/posts\/147952\/revisions"}],"wp:attachment":[{"href":"https:\/\/linitiative.ca\/International\/wp-json\/wp\/v2\/media?parent=147952"}],"wp:term":[{"taxonomy":"category","embeddable":true,"href":"https:\/\/linitiative.ca\/International\/wp-json\/wp\/v2\/categories?post=147952"},{"taxonomy":"post_tag","embeddable":true,"href":"https:\/\/linitiative.ca\/International\/wp-json\/wp\/v2\/tags?post=147952"}],"curies":[{"name":"wp","href":"https:\/\/api.w.org\/{rel}","templated":true}]}}