{"id":147960,"date":"2022-05-18T10:00:38","date_gmt":"2022-05-18T14:00:38","guid":{"rendered":"https:\/\/linitiative.ca\/International\/coty-morocco-2022-la-nouvelle-citroen-c4-elue-voiture-de-lannee\/"},"modified":"2022-05-18T10:00:38","modified_gmt":"2022-05-18T14:00:38","slug":"coty-morocco-2022-la-nouvelle-citroen-c4-elue-voiture-de-lannee","status":"publish","type":"post","link":"https:\/\/linitiative.ca\/International\/coty-morocco-2022-la-nouvelle-citroen-c4-elue-voiture-de-lannee\/","title":{"rendered":"Coty Morocco 2022: La Nouvelle Citro\u00ebn C4 \u00e9lue voiture de l\u2019ann\u00e9e"},"content":{"rendered":"<div>\n<p><img decoding=\"async\" width=\"300\" height=\"153\" src=\"https:\/\/linitiative.ca\/International\/wp-content\/uploads\/sites\/23\/2022\/05\/Nouvelle-Citroen-C4-elue-voiture-de-lannee-d-300x153-1.png\" class=\"attachment-medium size-medium wp-post-image\" alt=\"\" loading=\"lazy\" srcset=\"https:\/\/linitiative.ca\/International\/wp-content\/uploads\/sites\/23\/2022\/05\/Nouvelle-Citroen-C4-elue-voiture-de-lannee-d-300x153-1.png 300w, https:\/\/aujourdhui.ma\/wp-content\/uploads\/2022\/05\/Nouvelle-Citroen-C4-elue-voiture-de-lannee-d-274x140.png 274w, https:\/\/aujourdhui.ma\/wp-content\/uploads\/2022\/05\/Nouvelle-Citroen-C4-elue-voiture-de-lannee-d.png 746w, https:\/\/aujourdhui.ma\/wp-content\/uploads\/2022\/05\/Nouvelle-Citroen-C4-elue-voiture-de-lannee-d-165x84.png 165w, https:\/\/aujourdhui.ma\/wp-content\/uploads\/2022\/05\/Nouvelle-Citroen-C4-elue-voiture-de-lannee-d-702x358.png 702w\" sizes=\"auto, (max-width: 300px) 100vw, 300px\"><\/p>\n<p><span style=\"color: #800000;\"><strong>Lanc\u00e9e en 2021 au Maroc par Sopriam, Nouvelle Citro\u00ebn C4 a \u00e9t\u00e9 \u00e9lue r\u00e9cemment voiture de l\u2019ann\u00e9e lors de la 3\u00e8me \u00e9dition du \u00abCoty Morocco 2022\u00bb organis\u00e9e par l\u2019Association des importateurs de v\u00e9hicules au Maroc (AIVAM).<\/strong><\/span><span id=\"more-408128\"><\/span><br \/>\nL\u2019\u00e9v\u00e9nement \u00abCar Of The Year Morocco\u00bb est le rendez-vous annuel majeur qui f\u00eate l\u2019automobile dans notre pays, et \u00e9lit la voiture de l\u2019ann\u00e9e suite \u00e0 une s\u00e9rie d\u2019essais statiques et dynamiques, effectu\u00e9s par un jury s\u00e9lectionn\u00e9 de journalistes et d\u2019experts sp\u00e9cialis\u00e9s dans l\u2019automobile. La Nouvelle Citro\u00ebn C4 a remport\u00e9 ce concours face \u00e0 7 autres voitures finalistes et a \u00e9t\u00e9 le mod\u00e8le le plus vot\u00e9 par le jury de cette prestigieuse comp\u00e9tition, il a \u00e9t\u00e9 s\u00e9lectionn\u00e9 finaliste au premier tour \u00e0 c\u00f4t\u00e9 de 17 autres v\u00e9hicules nomin\u00e9s.<\/p>\n<p><a href=\"https:\/\/linitiative.ca\/International\/wp-content\/uploads\/sites\/23\/2022\/05\/Nouvelle-Citroen-C4-elue-voiture-de-lannee-x.png\"><img loading=\"lazy\" decoding=\"async\" class=\"alignnone size-full wp-image-408136\" src=\"https:\/\/linitiative.ca\/International\/wp-content\/uploads\/sites\/23\/2022\/05\/Nouvelle-Citroen-C4-elue-voiture-de-lannee-x.png\" alt=\"\" width=\"746\" height=\"380\" srcset=\"https:\/\/linitiative.ca\/International\/wp-content\/uploads\/sites\/23\/2022\/05\/Nouvelle-Citroen-C4-elue-voiture-de-lannee-x.png 746w, https:\/\/aujourdhui.ma\/wp-content\/uploads\/2022\/05\/Nouvelle-Citroen-C4-elue-voiture-de-lannee-x-300x153.png 300w, https:\/\/aujourdhui.ma\/wp-content\/uploads\/2022\/05\/Nouvelle-Citroen-C4-elue-voiture-de-lannee-x-274x140.png 274w, https:\/\/aujourdhui.ma\/wp-content\/uploads\/2022\/05\/Nouvelle-Citroen-C4-elue-voiture-de-lannee-x-165x84.png 165w, https:\/\/aujourdhui.ma\/wp-content\/uploads\/2022\/05\/Nouvelle-Citroen-C4-elue-voiture-de-lannee-x-702x358.png 702w\" sizes=\"auto, (max-width: 746px) 100vw, 746px\"><\/a><\/p>\n<p>Berline compacte de nouvelle g\u00e9n\u00e9ration, Nouvelle Citro\u00ebn C4 a bouscul\u00e9 les codes du segment et s\u2019est fortement distingu\u00e9e par la posture sur\u00e9lev\u00e9e et le style affirm\u00e9 de sa silhouette qui combine l\u2019\u00e9l\u00e9gance et le dynamisme d\u2019une berline, tout en adoptant les codes du SUV pour plus de force et de caract\u00e8re. Elle marque la nouvelle \u00e9tape du style Citro\u00ebn \u00e9galement caract\u00e9ris\u00e9 par le confort \u00e0 travers le programme Citro\u00ebn Advanced Comfort qui renforce le bien-\u00eatre \u00e0 bord. Fabriqu\u00e9e par Stellantis et lanc\u00e9e en septembre 2021 au Maroc par l\u2019importateur exclusif de la marque Sopriam, Nouvelle Citro\u00ebn C4 a rencontr\u00e9 un franc succ\u00e8s aupr\u00e8s des clients gr\u00e2ce \u00e0 un positionnement au c\u0153ur du segment des berlines compactes avec une large gamme de 3 versions (Feel, Shine &amp; Shine Pack) et des motorisations diesel en bo\u00eete de vitesses manuelle ou automatique ainsi qu\u2019une riche dotation en \u00e9quipements.<\/p>\n<p><a href=\"https:\/\/linitiative.ca\/International\/wp-content\/uploads\/sites\/23\/2022\/05\/Nouvelle-Citroen-C4-elue-voiture-de-lannee.png\"><img loading=\"lazy\" decoding=\"async\" class=\"alignnone size-full wp-image-408134\" src=\"https:\/\/linitiative.ca\/International\/wp-content\/uploads\/sites\/23\/2022\/05\/Nouvelle-Citroen-C4-elue-voiture-de-lannee.png\" alt=\"\" width=\"746\" height=\"380\" srcset=\"https:\/\/linitiative.ca\/International\/wp-content\/uploads\/sites\/23\/2022\/05\/Nouvelle-Citroen-C4-elue-voiture-de-lannee.png 746w, https:\/\/aujourdhui.ma\/wp-content\/uploads\/2022\/05\/Nouvelle-Citroen-C4-elue-voiture-de-lannee-300x153.png 300w, https:\/\/aujourdhui.ma\/wp-content\/uploads\/2022\/05\/Nouvelle-Citroen-C4-elue-voiture-de-lannee-274x140.png 274w, https:\/\/aujourdhui.ma\/wp-content\/uploads\/2022\/05\/Nouvelle-Citroen-C4-elue-voiture-de-lannee-165x84.png 165w, https:\/\/aujourdhui.ma\/wp-content\/uploads\/2022\/05\/Nouvelle-Citroen-C4-elue-voiture-de-lannee-702x358.png 702w\" sizes=\"auto, (max-width: 746px) 100vw, 746px\"><\/a><\/p>\n<p>\u00a0<\/p>\n<\/div>\n<p>Auteur: ALM<br \/>\n<a href=\"https:\/\/aujourdhui.ma\/automobile\/coty-morocco-2022-la-nouvelle-citroen-c4-elue-voiture-de-lannee\">Cliquez ici pour lire l&rsquo;article depuis sa source.<\/a><\/p>\n","protected":false},"excerpt":{"rendered":"<p>Lanc\u00e9e en 2021 au Maroc par Sopriam, Nouvelle Citro\u00ebn C4 a \u00e9t\u00e9 \u00e9lue r\u00e9cemment voiture de l\u2019ann\u00e9e lors de la 3\u00e8me \u00e9dition du \u00abCoty Morocco 2022\u00bb organis\u00e9e par l\u2019Association des importateurs de v\u00e9hicules au Maroc (AIVAM). L\u2019\u00e9v\u00e9nement \u00abCar Of The Year Morocco\u00bb est le rendez-vous annuel majeur qui f\u00eate l\u2019automobile dans notre pays, et \u00e9lit [&hellip;]<\/p>\n","protected":false},"author":1759,"featured_media":0,"comment_status":"closed","ping_status":"closed","sticky":false,"template":"","format":"standard","meta":{"fifu_image_url":"https:\/\/aujourdhui.ma\/wp-content\/uploads\/2022\/05\/Nouvelle-Citroen-C4-elue-voiture-de-lannee-d-300x153.png","fifu_image_alt":"Coty Morocco 2022: La Nouvelle Citro\u00ebn C4 \u00e9lue voiture de l\u2019ann\u00e9e","footnotes":""},"categories":[73,54],"tags":[],"class_list":["post-147960","post","type-post","status-publish","format-standard","hentry","category-actualite","category-maroc"],"_links":{"self":[{"href":"https:\/\/linitiative.ca\/International\/wp-json\/wp\/v2\/posts\/147960","targetHints":{"allow":["GET"]}}],"collection":[{"href":"https:\/\/linitiative.ca\/International\/wp-json\/wp\/v2\/posts"}],"about":[{"href":"https:\/\/linitiative.ca\/International\/wp-json\/wp\/v2\/types\/post"}],"author":[{"embeddable":true,"href":"https:\/\/linitiative.ca\/International\/wp-json\/wp\/v2\/users\/1759"}],"replies":[{"embeddable":true,"href":"https:\/\/linitiative.ca\/International\/wp-json\/wp\/v2\/comments?post=147960"}],"version-history":[{"count":0,"href":"https:\/\/linitiative.ca\/International\/wp-json\/wp\/v2\/posts\/147960\/revisions"}],"wp:attachment":[{"href":"https:\/\/linitiative.ca\/International\/wp-json\/wp\/v2\/media?parent=147960"}],"wp:term":[{"taxonomy":"category","embeddable":true,"href":"https:\/\/linitiative.ca\/International\/wp-json\/wp\/v2\/categories?post=147960"},{"taxonomy":"post_tag","embeddable":true,"href":"https:\/\/linitiative.ca\/International\/wp-json\/wp\/v2\/tags?post=147960"}],"curies":[{"name":"wp","href":"https:\/\/api.w.org\/{rel}","templated":true}]}}