{"id":147969,"date":"2022-05-17T14:00:00","date_gmt":"2022-05-17T18:00:00","guid":{"rendered":"https:\/\/linitiative.ca\/International\/creer-une-indemnite-au-profit-des-diplomes-superieurs-en-quete-demploi\/"},"modified":"2022-05-17T14:00:00","modified_gmt":"2022-05-17T18:00:00","slug":"creer-une-indemnite-au-profit-des-diplomes-superieurs-en-quete-demploi","status":"publish","type":"post","link":"https:\/\/linitiative.ca\/International\/creer-une-indemnite-au-profit-des-diplomes-superieurs-en-quete-demploi\/","title":{"rendered":"Cr\u00e9er une indemnit\u00e9 au profit des dipl\u00f4m\u00e9s sup\u00e9rieurs en qu\u00eate d\u2019emploi"},"content":{"rendered":"<div>\n<p class=\"has-text-align-center has-vivid-cyan-blue-color has-text-color\"><strong>Le PPS au Parlement\u00a0<\/strong><strong><\/strong><\/p>\n<p class=\"has-text-align-right has-black-color has-text-color\">M\u2019Barek Tafsi<\/p>\n<p class=\"has-black-color has-text-color\"><strong>Le pr\u00e9sident du groupe du progr\u00e8s et du socialisme (PPS) \u00e0 la Chambre des Repr\u00e9sentants a d\u00e9pos\u00e9, le 9 mai courant aupr\u00e8s du bureau de l\u2019institution parlementaire, une proposition de loi portant cr\u00e9ation d\u2019une indemnit\u00e9 au profit des laur\u00e9ats des universit\u00e9s, des instituts sup\u00e9rieurs et des \u00e9tablissements de formation professionnelle nationaux, titulaires de dipl\u00f4mes sup\u00e9rieurs en qu\u00eate d\u2019emploi.<\/strong><\/p>\n<p class=\"has-black-color has-text-color\">Dans une note de pr\u00e9sentation, le groupe du PPS souligne que la cr\u00e9ation de cette indemnit\u00e9 au profit de cette cat\u00e9gorie sociale en qu\u00eate d\u2019emploi doit\u00a0 \u00eatre consid\u00e9r\u00e9e comme un soutien social \u00e0 travers un fonds de solidarit\u00e9, au moment o\u00f9 le Maroc est en passe de mettre en \u0153uvre et d\u2019assoir les fondements de l\u2019Etat social.<\/p>\n<p class=\"has-black-color has-text-color\">Selon le document, personne ne peut nier que le ch\u00f4mage touche \u00e0 pr\u00e9sent un nombre en constante croissance de dipl\u00f4m\u00e9s sup\u00e9rieurs et qu\u2019il repr\u00e9sente un gaspillage regrettable de capacit\u00e9s et de ressources humaines dont la formation a n\u00e9cessit\u00e9 d\u2019importants efforts d\u2019investissements.<\/p>\n<p class=\"has-black-color has-text-color\">Quelque 19,6% de ces dipl\u00f4m\u00e9s sup\u00e9rieurs sont actuellement au ch\u00f4mage contre 18,5% auparavant, ajoute la note, qui cite des statistiques du Haut Commissariat au Plan.<\/p>\n<p class=\"has-black-color has-text-color\">Pour les auteurs de cette proposition, cette tendance \u00e0 la hausse du nombre des ch\u00f4meurs parmi cette cat\u00e9gorie sociale trouve son explication dans l\u2019absence de perspectives et d\u2019initiatives v\u00e9ritables visant \u00e0 la cr\u00e9ation de postes d\u2019emploi stables et p\u00e9rennes, \u00e0 m\u00eame de permettre de vivre dans la dignit\u00e9. A pr\u00e9sent, et en l\u2019absence de\u00a0 perspectives, nombreux sont les dipl\u00f4m\u00e9s sup\u00e9rieurs en ch\u00f4mage, qui exercent des m\u00e9tiers pr\u00e9caires et en l\u2019absence de toute protection sociale, d\u00e9plore la note.<\/p>\n<p class=\"has-black-color has-text-color\">En fait, pr\u00e9cise le document, le ch\u00f4mage des dipl\u00f4m\u00e9s sup\u00e9rieurs est le r\u00e9sultat du dysfonctionnement du syst\u00e8me d\u2019enseignement sup\u00e9rieur au Maroc. Les universit\u00e9s, les instituts sup\u00e9rieurs et les \u00e9tablissements de formation professionnelle continuent d\u2019\u00eatre d\u00e9connect\u00e9s de leur environnement et \u00e9prouvent toutes les difficult\u00e9s pour r\u00e9pondre aux besoins du march\u00e9 national.<\/p>\n<p class=\"has-black-color has-text-color\">Citant une \u00e9tude rendue publique en\u00a0 2018, \u00e0 l\u2019occasion de la publication par le Conseil sup\u00e9rieur de l\u2019\u00e9ducation, de la formation et de la recherche scientifique de la premi\u00e8re enqu\u00eate sur l\u2019insertion des laur\u00e9ats de l\u2019enseignement sup\u00e9rieur, la note de pr\u00e9sentation de la proposition du groupe parlementaire rappelle que 69,4% des laur\u00e9ats de l\u2019enseignement sup\u00e9rieur ont r\u00e9ussi \u00e0\u00a0 acc\u00e9der, quatre ans apr\u00e8s leurs \u00e9tudes, \u00e0 un emploi, alors que 13,3 % sont en qu\u00eate d\u2019emploi, 9,4 % ont repris leurs \u00e9tudes et 7,9% sont au ch\u00f4mage.\u00a0\u00a0\u00a0\u00a0\u00a0\u00a0<\/p>\n<p class=\"has-black-color has-text-color\">D\u2019apr\u00e8s cette \u00e9tude, ce sont surtout les titulaires d\u2019une licence fondamentale et d\u2019un dipl\u00f4me de technicien sp\u00e9cialis\u00e9 qui sont les plus touch\u00e9s par le ch\u00f4mage quatre ans apr\u00e8s leur sortie, \u00e9tant donn\u00e9 que leur cursus universitaire ne r\u00e9pond pas aux exigences du march\u00e9 de l\u2019emploi.<\/p>\n<p class=\"has-black-color has-text-color\">La proposition stipule que cette indemnit\u00e9 sera accord\u00e9e aux personnes qui r\u00e9pondent aux conditions pr\u00e9vues dans cette loi pendant une p\u00e9riode d\u2019un an, susceptible d\u2019\u00eatre prorog\u00e9e de six mois.<\/p>\n<p class=\"has-black-color has-text-color\">Le montant de cette indemnit\u00e9 est fix\u00e9 \u00e0 1200 Dirhams pour la premi\u00e8re ann\u00e9e et \u00e0 600 Dirhams pour les six mois qui suivent en cas de prorogation.<\/p>\n<p class=\"has-black-color has-text-color\">Les postulants \u00e0 cette indemnit\u00e9 doivent s\u2019inscrire dans un registre sp\u00e9cial, cr\u00e9\u00e9 \u00e0 cette fin et qui sera mis \u00e0 leur disposition dans les provinces et les pr\u00e9fectures, en contrepartie d\u2019un r\u00e9c\u00e9piss\u00e9 et suivant les conditions qui seront d\u00e9finies par un texte r\u00e9glementaire. La gestion de cette indemnit\u00e9 sera confi\u00e9e \u00e0 l\u2019autorit\u00e9 gouvernementale charg\u00e9e de l\u2019emploi ou \u00e0 une instance d\u00e9l\u00e9gu\u00e9e.<\/p>\n<p>L\u2019article <a rel=\"nofollow\" href=\"http:\/\/albayane.press.ma\/creer-une-indemnite-au-profit-des-diplomes-superieurs-en-quete-demploi.html\">Cr\u00e9er une indemnit\u00e9 au profit des dipl\u00f4m\u00e9s sup\u00e9rieurs en qu\u00eate d\u2019emploi<\/a> est apparu en premier sur <a rel=\"nofollow\" href=\"http:\/\/albayane.press.ma\/\">ALBAYANE<\/a>.<\/p>\n<\/div>\n<p>Auteur: M&rsquo;hammed rahal<br \/>\n<a href=\"http:\/\/albayane.press.ma\/creer-une-indemnite-au-profit-des-diplomes-superieurs-en-quete-demploi.html\">Cliquez ici pour lire l&rsquo;article depuis sa source.<\/a><\/p>\n","protected":false},"excerpt":{"rendered":"<p>Le PPS au Parlement\u00a0 M\u2019Barek Tafsi Le pr\u00e9sident du groupe du progr\u00e8s et du socialisme (PPS) \u00e0 la Chambre des Repr\u00e9sentants a d\u00e9pos\u00e9, le 9 mai courant aupr\u00e8s du bureau de l\u2019institution parlementaire, une proposition de loi portant cr\u00e9ation d\u2019une indemnit\u00e9 au profit des laur\u00e9ats des universit\u00e9s, des instituts sup\u00e9rieurs et des \u00e9tablissements de formation [&hellip;]<\/p>\n","protected":false},"author":1760,"featured_media":0,"comment_status":"closed","ping_status":"closed","sticky":false,"template":"","format":"standard","meta":{"fifu_image_url":"","fifu_image_alt":"","footnotes":""},"categories":[73,54],"tags":[],"class_list":["post-147969","post","type-post","status-publish","format-standard","hentry","category-actualite","category-maroc"],"_links":{"self":[{"href":"https:\/\/linitiative.ca\/International\/wp-json\/wp\/v2\/posts\/147969","targetHints":{"allow":["GET"]}}],"collection":[{"href":"https:\/\/linitiative.ca\/International\/wp-json\/wp\/v2\/posts"}],"about":[{"href":"https:\/\/linitiative.ca\/International\/wp-json\/wp\/v2\/types\/post"}],"author":[{"embeddable":true,"href":"https:\/\/linitiative.ca\/International\/wp-json\/wp\/v2\/users\/1760"}],"replies":[{"embeddable":true,"href":"https:\/\/linitiative.ca\/International\/wp-json\/wp\/v2\/comments?post=147969"}],"version-history":[{"count":0,"href":"https:\/\/linitiative.ca\/International\/wp-json\/wp\/v2\/posts\/147969\/revisions"}],"wp:attachment":[{"href":"https:\/\/linitiative.ca\/International\/wp-json\/wp\/v2\/media?parent=147969"}],"wp:term":[{"taxonomy":"category","embeddable":true,"href":"https:\/\/linitiative.ca\/International\/wp-json\/wp\/v2\/categories?post=147969"},{"taxonomy":"post_tag","embeddable":true,"href":"https:\/\/linitiative.ca\/International\/wp-json\/wp\/v2\/tags?post=147969"}],"curies":[{"name":"wp","href":"https:\/\/api.w.org\/{rel}","templated":true}]}}