{"id":147971,"date":"2022-05-17T14:00:00","date_gmt":"2022-05-17T18:00:00","guid":{"rendered":"https:\/\/linitiative.ca\/International\/nissan-renoue-avec-les-benefices\/"},"modified":"2022-05-17T14:00:00","modified_gmt":"2022-05-17T18:00:00","slug":"nissan-renoue-avec-les-benefices","status":"publish","type":"post","link":"https:\/\/linitiative.ca\/International\/nissan-renoue-avec-les-benefices\/","title":{"rendered":"Nissan renoue avec les b\u00e9n\u00e9fices"},"content":{"rendered":"<div>\n<p class=\"has-text-align-center has-vivid-cyan-blue-color has-text-color\"><strong>Pour la premi\u00e8re fois en trois ans<\/strong><\/p>\n<p class=\"has-black-color has-text-color\"><strong>Le constructeur automobile japonais Nissan Motor Co. a annonc\u00e9 avoir enregistr\u00e9 un b\u00e9n\u00e9fice net de 215,53 milliards de yens (1,67 milliard USD) au cours du dernier exercice fiscal, renouant ainsi avec les b\u00e9n\u00e9fices apr\u00e8s deux ann\u00e9es cons\u00e9cutives de pertes massives.<br \/>La soci\u00e9t\u00e9 a indiqu\u00e9 qu\u2019elle pr\u00e9voyait une baisse de 30,4 % de son b\u00e9n\u00e9fice net \u00e0 150 milliards de yens pour l\u2019exercice en cours jusqu\u2019en mars 2023, dans un contexte de p\u00e9nurie mondiale de semi-conducteurs et de flamb\u00e9e des prix des mati\u00e8res premi\u00e8res.<\/strong><\/p>\n<p class=\"has-black-color has-text-color\">Le b\u00e9n\u00e9fice net de Nissan au cours de l\u2019exercice clos le 31 mars marque un net retournement par rapport \u00e0 une perte de 448,70 milliards de yens en 2020, tandis que la soci\u00e9t\u00e9 a enregistr\u00e9 un b\u00e9n\u00e9fice d\u2019exploitation de 247,31 milliards, contre une perte de 150,65 milliards de yens un an plus t\u00f4t.<br \/>Le chiffre d\u2019affaires a augment\u00e9 de 7,1 % par rapport \u00e0 l\u2019exercice 2020, pour atteindre 8,42 billions de yens, m\u00eame si le volume de ses ventes mondiales a chut\u00e9 de 4,3 %, \u00e0 3,88 millions d\u2019unit\u00e9s, en raison de la crise des puces.<br \/>Le constructeur automobile a d\u00e9clar\u00e9 qu\u2019il avait pu att\u00e9nuer l\u2019impact de la hausse des co\u00fbts des mat\u00e9riaux et de la baisse du volume des ventes gr\u00e2ce \u00e0 la d\u00e9pr\u00e9ciation du yen par rapport au dollar et \u00e0 l\u2019augmentation du revenu net par unit\u00e9 des principaux mod\u00e8les dans un contexte de forte demande aux \u00c9tats-Unis, entre autres facteurs.<\/p>\n<p class=\"has-black-color has-text-color\">Pour l\u2019exercice fiscal en cours, Nissan pr\u00e9voit que son b\u00e9n\u00e9fice d\u2019exploitation augmentera de 1,1 % pour atteindre 250 milliards de yens, car il pr\u00e9voit une am\u00e9lioration des ventes mondiales \u00e0 4 millions d\u2019unit\u00e9s gr\u00e2ce \u00e0 l\u2019introduction de nouveaux mod\u00e8les et \u00e0 l\u2019att\u00e9nuation de la p\u00e9nurie de semi-conducteurs.<br \/>\u00ab\u00a0Nous nous attendons \u00e0 une nouvelle ann\u00e9e dans un environnement commercial tr\u00e8s difficile\u00a0\u00bb, a d\u00e9clar\u00e9 Makoto Uchida, pr\u00e9sident et directeur g\u00e9n\u00e9ral de Nissan, lors d\u2019un point de presse.<br \/>L\u2019entreprise est tomb\u00e9e dans le rouge au cours de l\u2019exercice 2019, la pand\u00e9mie de Covid-19 ayant r\u00e9duit la demande des consommateurs, alors qu\u2019elle subissait les cons\u00e9quences de l\u2019arrestation et de l\u2019\u00e9viction de l\u2019ancien pr\u00e9sident Carlos Ghosn.<br \/>Nissan a d\u00e9clar\u00e9 fin janvier avec Mitsubishi Motors Corp. et Renault qu\u2019ils allaient investir 23 milliards d\u2019euros dans la technologie des voitures \u00e9lectriques au cours des cinq prochaines ann\u00e9es. Leur objectif est de lancer 35 nouveaux mod\u00e8les de v\u00e9hicules \u00e9lectriques d\u2019ici \u00e0 2030.<\/p>\n<p>L\u2019article <a rel=\"nofollow\" href=\"http:\/\/albayane.press.ma\/nissan-renoue-avec-les-benefices.html\">Nissan renoue avec les b\u00e9n\u00e9fices<\/a> est apparu en premier sur <a rel=\"nofollow\" href=\"http:\/\/albayane.press.ma\/\">ALBAYANE<\/a>.<\/p>\n<\/div>\n<p>Auteur: M&rsquo;hammed rahal<br \/>\n<a href=\"http:\/\/albayane.press.ma\/nissan-renoue-avec-les-benefices.html\">Cliquez ici pour lire l&rsquo;article depuis sa source.<\/a><\/p>\n","protected":false},"excerpt":{"rendered":"<p>Pour la premi\u00e8re fois en trois ans Le constructeur automobile japonais Nissan Motor Co. a annonc\u00e9 avoir enregistr\u00e9 un b\u00e9n\u00e9fice net de 215,53 milliards de yens (1,67 milliard USD) au cours du dernier exercice fiscal, renouant ainsi avec les b\u00e9n\u00e9fices apr\u00e8s deux ann\u00e9es cons\u00e9cutives de pertes massives.La soci\u00e9t\u00e9 a indiqu\u00e9 qu\u2019elle pr\u00e9voyait une baisse de [&hellip;]<\/p>\n","protected":false},"author":1760,"featured_media":0,"comment_status":"closed","ping_status":"closed","sticky":false,"template":"","format":"standard","meta":{"fifu_image_url":"","fifu_image_alt":"","footnotes":""},"categories":[73,54],"tags":[],"class_list":["post-147971","post","type-post","status-publish","format-standard","hentry","category-actualite","category-maroc"],"_links":{"self":[{"href":"https:\/\/linitiative.ca\/International\/wp-json\/wp\/v2\/posts\/147971","targetHints":{"allow":["GET"]}}],"collection":[{"href":"https:\/\/linitiative.ca\/International\/wp-json\/wp\/v2\/posts"}],"about":[{"href":"https:\/\/linitiative.ca\/International\/wp-json\/wp\/v2\/types\/post"}],"author":[{"embeddable":true,"href":"https:\/\/linitiative.ca\/International\/wp-json\/wp\/v2\/users\/1760"}],"replies":[{"embeddable":true,"href":"https:\/\/linitiative.ca\/International\/wp-json\/wp\/v2\/comments?post=147971"}],"version-history":[{"count":0,"href":"https:\/\/linitiative.ca\/International\/wp-json\/wp\/v2\/posts\/147971\/revisions"}],"wp:attachment":[{"href":"https:\/\/linitiative.ca\/International\/wp-json\/wp\/v2\/media?parent=147971"}],"wp:term":[{"taxonomy":"category","embeddable":true,"href":"https:\/\/linitiative.ca\/International\/wp-json\/wp\/v2\/categories?post=147971"},{"taxonomy":"post_tag","embeddable":true,"href":"https:\/\/linitiative.ca\/International\/wp-json\/wp\/v2\/tags?post=147971"}],"curies":[{"name":"wp","href":"https:\/\/api.w.org\/{rel}","templated":true}]}}