{"id":147973,"date":"2022-05-17T14:00:00","date_gmt":"2022-05-17T18:00:00","guid":{"rendered":"https:\/\/linitiative.ca\/International\/une-experience-humaine-et-professionnelle-consacrant-lesprit-de-citoyennete\/"},"modified":"2022-05-17T14:00:00","modified_gmt":"2022-05-17T18:00:00","slug":"une-experience-humaine-et-professionnelle-consacrant-lesprit-de-citoyennete","status":"publish","type":"post","link":"https:\/\/linitiative.ca\/International\/une-experience-humaine-et-professionnelle-consacrant-lesprit-de-citoyennete\/","title":{"rendered":"Une exp\u00e9rience humaine et professionnelle consacrant l\u2019esprit de citoyennet\u00e9"},"content":{"rendered":"<div>\n<p class=\"has-text-align-center has-vivid-red-color has-text-color\"><strong>Service militaire<\/strong><\/p>\n<p class=\"has-text-align-left has-black-color has-text-color\"><strong>Le Maroc peut aujourd\u2019hui \u00eatre fier de l\u2019adh\u00e9sion de larges cat\u00e9gories de jeunes des deux sexes \u00e0 l\u2019op\u00e9ration du service militaire, qui attire des comp\u00e9tences d\u00e9sireuses tirer profit d\u2019une formation professionnelle leur ouvrant des perspectives prometteuses pour servir leur Patrie dans plusieurs domaines.<\/strong><\/p>\n<p class=\"has-text-align-left has-black-color has-text-color\">Ainsi, l\u2019accomplissement de ce devoir national constitue pour plusieurs jeunes une \u00e9tape importante qui vise \u00e0 leur inculquer les principes de citoyennet\u00e9 et \u00e0 renforcer l\u2019esprit de responsabilit\u00e9 \u00e0 l\u2019\u00e9gard de la Patrie, \u00e0 travers une formation militaire destin\u00e9e \u00e0 d\u00e9velopper leur confiance en soi.<br \/>\u00ab\u00a0Accomplir le devoir national et \u00e9largir les horizons de mes connaissances\u00a0\u00bb se veut donc une exp\u00e9rience humaine pionni\u00e8re \u00e0 plusieurs \u00e9gards. Elle concerne les personnes \u00e2g\u00e9es entre 19 et 25 ans, avec la possibilit\u00e9 de convoquer les adultes de plus de 25 ans ayant b\u00e9n\u00e9fici\u00e9 d\u2019une exemption du service militaire jusqu\u2019\u00e0 l\u2019\u00e2ge de 40 ans en cas de cessation du motif d\u2019exemption.<\/p>\n<p class=\"has-text-align-left has-black-color has-text-color\">Cette ann\u00e9e et selon un communiqu\u00e9 du ministre de l\u2019Int\u00e9rieur, l\u2019op\u00e9ration de s\u00e9lection et d\u2019incorporation des appel\u00e9s d\u00e9butera le 16 mai 2022, en ex\u00e9cution des Hautes Instructions de SM le Roi Mohammed VI, Chef Supr\u00eame et Chef d\u2019Etat-major G\u00e9n\u00e9ral des Forces Arm\u00e9es Royales (FAR), relatives \u00e0 la prise des mesures n\u00e9cessaires \u00e0 l\u2019incorporation de la prochaine promotion des appel\u00e9s des deux sexes au service militaire au titre de l\u2019ann\u00e9e en cours.<br \/>Dans un discours prononc\u00e9 \u00e0 l\u2019ouverture de la 1\u00e8re session de la 3\u00e8me ann\u00e9e l\u00e9gislative de la 10\u00e8me l\u00e9gislature, SM le Roi Mohammed VI avait soulign\u00e9 que le service militaire renforce le sentiment d\u2019appartenance nationale, ajoutant qu\u2019il permet aussi de b\u00e9n\u00e9ficier d\u2019une formation et d\u2019un entrainement qui offrent des opportunit\u00e9s d\u2019insertion socio-professionnelle aux conscrits capables de faire valoir leurs comp\u00e9tences, leur sens de l\u2019engagement et des responsabilit\u00e9s.<\/p>\n<p class=\"has-text-align-left has-black-color has-text-color\">\u00ab\u00a0Tous les Marocains concern\u00e9s par le service militaire, sans exception, sont \u00e9gaux en la mati\u00e8re et ce, ind\u00e9pendamment de leur classe sociale, de leurs dipl\u00f4mes et de leur niveau d\u2019instruction\u00a0\u00bb, avait affirm\u00e9 le Souverain.<br \/>La dur\u00e9e du service militaire, quant \u00e0 elle, est de 12 mois. Pendant les quatre premiers mois, l\u2019appel\u00e9 re\u00e7oit une formation g\u00e9n\u00e9rale et militaire de base, tandis que les huit mois suivants, il re\u00e7oit une formation dans les domaines et sp\u00e9cialisations disponibles dans les centres de formation, dans le but de d\u00e9velopper ses comp\u00e9tences professionnelles.<br \/>Le guide des appel\u00e9s, publi\u00e9 sur le site d\u00e9di\u00e9 au recensement relatif au service militaire, met en avant la valeur ajout\u00e9e de ce service en permettant d\u2019acqu\u00e9rir des exp\u00e9riences importantes.<\/p>\n<p class=\"has-text-align-left has-black-color has-text-color\">Les stages effectu\u00e9s dans le cadre du service militaire et la formation professionnelle multidisciplinaire dispens\u00e9e par les unit\u00e9s des Forces Arm\u00e9es Royales sont sanctionn\u00e9s par des certificats professionnels, ouvrant des perspectives prometteuses et permettant d\u2019acqu\u00e9rir de nouvelles expertises.<br \/>Le document rel\u00e8ve que le recensement s\u2019effectue chaque ann\u00e9e et s\u2019\u00e9tale sur 60 jours, sachant que la date du d\u00e9but et de la fin de cette op\u00e9ration est annonc\u00e9e par un communiqu\u00e9 du ministre de l\u2019Int\u00e9rieur dont le contenu est adress\u00e9 au public, avant d\u2019\u00e9tablir les noms des individus assujettis \u00e0 partir de la base de donn\u00e9es du recensement, mise \u00e0 la disposition du minist\u00e8re de l\u2019Int\u00e9rieur, partant de crit\u00e8res objectifs, dont la supervision est assur\u00e9e par une commission centrale.<\/p>\n<p class=\"has-text-align-left has-black-color has-text-color\">Par la suite, l\u2019autorit\u00e9 administrative locale invite les personnes appel\u00e9es \u00e0 remplir le formulaire relatif au service militaire \u00e0 travers l\u2019inscription via le site \u00e9lectronique: \u00ab\u00a0www.tajnid.ma\u00a0\u00bb.<br \/>Les personnes concern\u00e9es re\u00e7oivent, par la suite, un avis \u00e9crit remis par l\u2019autorit\u00e9 administrative locale en contrepartie d\u2019un r\u00e9c\u00e9piss\u00e9.<\/p>\n<p class=\"has-text-align-left has-black-color has-text-color\">Outre le renforcement des capacit\u00e9s de connaissances et professionnelles des recrues, le service militaire offre, selon le site d\u00e9di\u00e9 \u00e0 ce service, plusieurs avantages dont la r\u00e9mun\u00e9ration, la couverture sanitaire et l\u2019assurance.<br \/>Par ailleurs, le service militaire suscite un engouement chez les jeunes, notamment de sexe f\u00e9minin, comme en t\u00e9moignent les donn\u00e9es publi\u00e9es \u00e0 l\u2019issue de l\u2019op\u00e9ration de recensement au titre de l\u2019ann\u00e9e en cours et qui s\u2019est d\u00e9roul\u00e9e entre le 13 d\u00e9cembre 2021 et le 10 f\u00e9vrier 2022.<br \/>Ainsi, le nombre de jeunes ayant achev\u00e9 les proc\u00e9dures de recensement relatif au service militaire au titre de l\u2019ann\u00e9e 2022 s\u2019est \u00e9tabli \u00e0 178.166 contre 133.820 en 2019.<\/p>\n<p class=\"has-text-align-left has-black-color has-text-color\">Selon les chiffres d\u00e9voil\u00e9s par le repr\u00e9sentant du ministre de l\u2019Int\u00e9rieur \u00e0 la commission centrale de recensement relatif au service militaire, le nombre de jeunes de sexe f\u00e9minin qui se sont port\u00e9es volontaires pour accomplir le service militaire a atteint 29.013, soit plus de 16% de l\u2019ensemble des jeunes recens\u00e9s, contre 13.614 en 2019 (10,17%).<br \/>Le nombre de jeunes, de sexes masculin et f\u00e9minin, qui se sont port\u00e9s volontaires pour accomplir le service militaire s\u2019est \u00e9tabli \u00e0 99.060, dont plus de 29% de sexe f\u00e9minin, contre 66.990 en 2019, dont 20% de sexe f\u00e9minin.<br \/>L\u2019adh\u00e9sion au service militaire demeure donc une initiative refl\u00e9tant le sens de responsabilit\u00e9 des jeunes Marocains avec des nobles objectifs, dont la cons\u00e9cration des valeurs de citoyennet\u00e9, le renforcement de l\u2019esprit de responsabilit\u00e9 et d\u2019appartenance \u00e0 la Patrie et la d\u00e9fense de ses int\u00e9r\u00eats sup\u00e9rieurs.<\/p>\n<p>L\u2019article <a rel=\"nofollow\" href=\"http:\/\/albayane.press.ma\/une-experience-humaine-et-professionnelle-consacrant-lesprit-de-citoyennete.html\">Une exp\u00e9rience humaine et professionnelle consacrant l\u2019esprit de citoyennet\u00e9<\/a> est apparu en premier sur <a rel=\"nofollow\" href=\"http:\/\/albayane.press.ma\/\">ALBAYANE<\/a>.<\/p>\n<\/div>\n<p>Auteur: M&rsquo;hammed rahal<br \/>\n<a href=\"http:\/\/albayane.press.ma\/une-experience-humaine-et-professionnelle-consacrant-lesprit-de-citoyennete.html\">Cliquez ici pour lire l&rsquo;article depuis sa source.<\/a><\/p>\n","protected":false},"excerpt":{"rendered":"<p>Service militaire Le Maroc peut aujourd\u2019hui \u00eatre fier de l\u2019adh\u00e9sion de larges cat\u00e9gories de jeunes des deux sexes \u00e0 l\u2019op\u00e9ration du service militaire, qui attire des comp\u00e9tences d\u00e9sireuses tirer profit d\u2019une formation professionnelle leur ouvrant des perspectives prometteuses pour servir leur Patrie dans plusieurs domaines. Ainsi, l\u2019accomplissement de ce devoir national constitue pour plusieurs jeunes [&hellip;]<\/p>\n","protected":false},"author":1760,"featured_media":0,"comment_status":"closed","ping_status":"closed","sticky":false,"template":"","format":"standard","meta":{"fifu_image_url":"","fifu_image_alt":"","footnotes":""},"categories":[73,54],"tags":[],"class_list":["post-147973","post","type-post","status-publish","format-standard","hentry","category-actualite","category-maroc"],"_links":{"self":[{"href":"https:\/\/linitiative.ca\/International\/wp-json\/wp\/v2\/posts\/147973","targetHints":{"allow":["GET"]}}],"collection":[{"href":"https:\/\/linitiative.ca\/International\/wp-json\/wp\/v2\/posts"}],"about":[{"href":"https:\/\/linitiative.ca\/International\/wp-json\/wp\/v2\/types\/post"}],"author":[{"embeddable":true,"href":"https:\/\/linitiative.ca\/International\/wp-json\/wp\/v2\/users\/1760"}],"replies":[{"embeddable":true,"href":"https:\/\/linitiative.ca\/International\/wp-json\/wp\/v2\/comments?post=147973"}],"version-history":[{"count":0,"href":"https:\/\/linitiative.ca\/International\/wp-json\/wp\/v2\/posts\/147973\/revisions"}],"wp:attachment":[{"href":"https:\/\/linitiative.ca\/International\/wp-json\/wp\/v2\/media?parent=147973"}],"wp:term":[{"taxonomy":"category","embeddable":true,"href":"https:\/\/linitiative.ca\/International\/wp-json\/wp\/v2\/categories?post=147973"},{"taxonomy":"post_tag","embeddable":true,"href":"https:\/\/linitiative.ca\/International\/wp-json\/wp\/v2\/tags?post=147973"}],"curies":[{"name":"wp","href":"https:\/\/api.w.org\/{rel}","templated":true}]}}