{"id":147976,"date":"2022-05-18T08:27:33","date_gmt":"2022-05-18T12:27:33","guid":{"rendered":"https:\/\/linitiative.ca\/International\/lupm-accorde-un-grand-interet-a-lemploi-des-jeunes\/"},"modified":"2022-05-18T08:27:33","modified_gmt":"2022-05-18T12:27:33","slug":"lupm-accorde-un-grand-interet-a-lemploi-des-jeunes","status":"publish","type":"post","link":"https:\/\/linitiative.ca\/International\/lupm-accorde-un-grand-interet-a-lemploi-des-jeunes\/","title":{"rendered":"L\u2019UpM accorde un grand int\u00e9r\u00eat \u00e0 l\u2019emploi des jeunes"},"content":{"rendered":"<div>\n<div style=\"margin-bottom:20px;\"><img loading=\"lazy\" decoding=\"async\" width=\"750\" height=\"430\" src=\"https:\/\/linitiative.ca\/International\/wp-content\/uploads\/sites\/23\/2022\/05\/nacer-kamel-copier.jpg\" class=\"attachment-post-thumbnail size-post-thumbnail wp-post-image\" alt=\"\" srcset=\"https:\/\/linitiative.ca\/International\/wp-content\/uploads\/sites\/23\/2022\/05\/nacer-kamel-copier.jpg 750w, https:\/\/www.mapmarrakech.ma\/map\/uploads\/2022\/05\/nacer-kamel-copier-300x172.jpg 300w\" sizes=\"auto, (max-width: 750px) 100vw, 750px\"><\/div>\n<p>\u00ab\u00a0L\u2019UpM s\u2019engage \u00e0 se joindre \u00e0 tous les efforts visant \u00e0 autonomiser les femmes aux niveaux social et \u00e9conomique et \u00e0 offrir aux jeunes les conditions n\u00e9cessaires \u00e0 des emplois d\u00e9cents et \u00e0 une vie digne\u00a0\u00bb, a affirm\u00e9 M. Kamel lors de\u00a0la c\u00e9r\u00e9monie d\u2019ouverture de la 5\u00e8me R\u00e9union minist\u00e9rielle de l\u2019UpM sur l\u2019emploi et le travail, qui se tient \u00e0 Marrakech durant deux jours.<\/p>\n<p>Tout en relevant que cette r\u00e9union intervient \u00e0 un moment crucial pour la r\u00e9gion et pour le monde entier en raison des r\u00e9percussions n\u00e9gatives de la crise sanitaire mondiale et de la crise ukrainienne, il a fait remarquer que l\u2019ann\u00e9e 2020 a vu un saut qualitatif pour la contribution de l\u2019UpM \u00e0 la promotion de l\u2019emploi dans la r\u00e9gion gr\u00e2ce au premier programme de subventions de l\u2019UpM pour la promotion de l\u2019emploi lanc\u00e9 avec le soutien de la Coop\u00e9ration allemande au d\u00e9veloppement.<\/p>\n<p>Cet important programme avait b\u00e9n\u00e9fici\u00e9 \u00e0 18.000 personnes, principalement des jeunes et des femmes dans 7 pays de l\u2019UpM, a-t-il rappel\u00e9.<\/p>\n<p>De son c\u00f4t\u00e9, le ministre du Travail du Royaume hach\u00e9mite de Jordanie, M. Nayef Stetiah, a soulign\u00e9 que cette r\u00e9union traduit la ferme volont\u00e9 des d\u00e9cideurs politiques des pays du pourtour m\u00e9diterran\u00e9en \u00e0 contribuer au renforcement de la coop\u00e9ration, la coordination et le partenariat \u00e0 travers l\u2019encouragement des initiatives et projets de nature \u00e0 faire face aux d\u00e9fis socio\u00e9conomiques et acc\u00e9l\u00e9rer la compl\u00e9mentarit\u00e9 \u00e9conomique et la r\u00e9alisation du d\u00e9veloppement durable.<\/p>\n<p>M.Stetiah, dont le pays co-pr\u00e9side l\u2019UpM, a relev\u00e9 que cette organisation intergouvernementale ambitionne d\u2019unifier et d\u2019intensifier les efforts pour une relance \u00e9conomique, notamment dans un contexte marqu\u00e9 par l\u2019augmentation des d\u00e9fis de l\u2019emploi, surtout pour les cat\u00e9gories vuln\u00e9rables, en raison des r\u00e9percussions n\u00e9gatives de la Covid-19, mettant l\u2019accent sur la n\u00e9cessit\u00e9 d\u2019acc\u00e9l\u00e9rer la transformation num\u00e9rique, la transition vers l\u2019\u00e9conomie verte et l\u2019adaptation des comp\u00e9tences des jeunes avec les mutations socio\u00e9conomiques mondiales.<\/p>\n<p>Dans ce contexte, il a relev\u00e9 l\u2019importance de la promotion des comp\u00e9tences des jeunes pour leur garantir une insertion fluide dans le march\u00e9 d\u2019emploi mondial et local, faisant savoir que la Jordanie poursuivra son soutien aux diff\u00e9rents initiatives et projets adopt\u00e9s dans le cadre de l\u2019UpM.<\/p>\n<p>Organis\u00e9e par le minist\u00e8re de l\u2019Inclusion \u00e9conomique, de la Petite Entreprise, de l\u2019Emploi et des Comp\u00e9tences, et co-pr\u00e9sid\u00e9e par la Commission europ\u00e9enne \u00e0 travers la Direction G\u00e9n\u00e9rale en charge de l\u2019Emploi et des Affaires sociales, ainsi que le minist\u00e8re du Travail du Royaume hach\u00e9mite de Jordanie, en pr\u00e9sence de l\u2019Union pour la M\u00e9diterran\u00e9e, la 5\u00e8me R\u00e9union minist\u00e9rielle de l\u2019UpM va d\u00e9battre des d\u00e9fis pressants sur le march\u00e9 du travail dans la r\u00e9gion euro-m\u00e9diterran\u00e9enne, en particulier sur la mani\u00e8re d\u2019assurer \u00e0 tous, surtout aux plus vuln\u00e9rables, une reprise inclusive, verte, num\u00e9rique et durable.<\/p>\n<p>La conf\u00e9rence permettra de pr\u00e9senter l\u2019ambition derri\u00e8re la strat\u00e9gie jeunesse de l\u2019UpM, consistant \u00e0 se concentrer sur les initiatives r\u00e9gionales pour l\u2019employabilit\u00e9 des femmes et \u00e0 mettre en lumi\u00e8re les actions de l\u2019ONUDI pour les soutenir dans leurs efforts d\u2019autonomisation \u00e9conomique.<\/p>\n<p>La 4e r\u00e9union minist\u00e9rielle de l\u2019UpM sur l\u2019emploi et le travail a eu lieu \u00e0 Cascais, au Portugal, les 2 et 3 avril 2019, sous le titre \u00ab\u00a0Emplois, comp\u00e9tences et opportunit\u00e9s pour tous\u00a0\u00bb.<\/p>\n<p>The post <a rel=\"nofollow\" href=\"https:\/\/www.mapmarrakech.ma\/fr\/lupm-accorde-un-grand-interet-a-lemploi-des-jeunes\/\">L\u2019UpM accorde un grand int\u00e9r\u00eat \u00e0 l\u2019emploi des jeunes<\/a> appeared first on <a rel=\"nofollow\" href=\"https:\/\/www.mapmarrakech.ma\/fr\">MapMarrakech<\/a>.<\/p>\n<\/div>\n<p>Auteur: Meriem IGASS<br \/>\n<a href=\"https:\/\/www.mapmarrakech.ma\/fr\/lupm-accorde-un-grand-interet-a-lemploi-des-jeunes\/\">Cliquez ici pour lire l&rsquo;article depuis sa source.<\/a><\/p>\n","protected":false},"excerpt":{"rendered":"<p>\u00ab\u00a0L\u2019UpM s\u2019engage \u00e0 se joindre \u00e0 tous les efforts visant \u00e0 autonomiser les femmes aux niveaux social et \u00e9conomique et \u00e0 offrir aux jeunes les conditions n\u00e9cessaires \u00e0 des emplois d\u00e9cents et \u00e0 une vie digne\u00a0\u00bb, a affirm\u00e9 M. Kamel lors de\u00a0la c\u00e9r\u00e9monie d\u2019ouverture de la 5\u00e8me R\u00e9union minist\u00e9rielle de l\u2019UpM sur l\u2019emploi et le [&hellip;]<\/p>\n","protected":false},"author":1788,"featured_media":0,"comment_status":"closed","ping_status":"closed","sticky":false,"template":"","format":"standard","meta":{"fifu_image_url":"https:\/\/www.mapmarrakech.ma\/map\/uploads\/2022\/05\/nacer-kamel-copier.jpg","fifu_image_alt":"L\u2019UpM accorde un grand int\u00e9r\u00eat \u00e0 l\u2019emploi des jeunes","footnotes":""},"categories":[54,76],"tags":[],"class_list":["post-147976","post","type-post","status-publish","format-standard","hentry","category-maroc","category-regions"],"_links":{"self":[{"href":"https:\/\/linitiative.ca\/International\/wp-json\/wp\/v2\/posts\/147976","targetHints":{"allow":["GET"]}}],"collection":[{"href":"https:\/\/linitiative.ca\/International\/wp-json\/wp\/v2\/posts"}],"about":[{"href":"https:\/\/linitiative.ca\/International\/wp-json\/wp\/v2\/types\/post"}],"author":[{"embeddable":true,"href":"https:\/\/linitiative.ca\/International\/wp-json\/wp\/v2\/users\/1788"}],"replies":[{"embeddable":true,"href":"https:\/\/linitiative.ca\/International\/wp-json\/wp\/v2\/comments?post=147976"}],"version-history":[{"count":0,"href":"https:\/\/linitiative.ca\/International\/wp-json\/wp\/v2\/posts\/147976\/revisions"}],"wp:attachment":[{"href":"https:\/\/linitiative.ca\/International\/wp-json\/wp\/v2\/media?parent=147976"}],"wp:term":[{"taxonomy":"category","embeddable":true,"href":"https:\/\/linitiative.ca\/International\/wp-json\/wp\/v2\/categories?post=147976"},{"taxonomy":"post_tag","embeddable":true,"href":"https:\/\/linitiative.ca\/International\/wp-json\/wp\/v2\/tags?post=147976"}],"curies":[{"name":"wp","href":"https:\/\/api.w.org\/{rel}","templated":true}]}}