{"id":147978,"date":"2022-05-18T08:33:39","date_gmt":"2022-05-18T12:33:39","guid":{"rendered":"https:\/\/linitiative.ca\/International\/upm-la-reunion-ouvre-un-nouveau-chapitre-dans-la-cooperation\/"},"modified":"2022-05-18T08:33:39","modified_gmt":"2022-05-18T12:33:39","slug":"upm-la-reunion-ouvre-un-nouveau-chapitre-dans-la-cooperation","status":"publish","type":"post","link":"https:\/\/linitiative.ca\/International\/upm-la-reunion-ouvre-un-nouveau-chapitre-dans-la-cooperation\/","title":{"rendered":"UpM: La r\u00e9union ouvre un nouveau chapitre dans la coop\u00e9ration"},"content":{"rendered":"<div>\n<div style=\"margin-bottom:20px;\"><img loading=\"lazy\" decoding=\"async\" width=\"750\" height=\"430\" src=\"https:\/\/linitiative.ca\/International\/wp-content\/uploads\/sites\/23\/2022\/05\/schmit-conf-copier.jpg\" class=\"attachment-post-thumbnail size-post-thumbnail wp-post-image\" alt=\"\" srcset=\"https:\/\/linitiative.ca\/International\/wp-content\/uploads\/sites\/23\/2022\/05\/schmit-conf-copier.jpg 750w, https:\/\/www.mapmarrakech.ma\/map\/uploads\/2022\/05\/schmit-conf-copier-300x172.jpg 300w\" sizes=\"auto, (max-width: 750px) 100vw, 750px\"><\/div>\n<p>\u00ab\u00a0Cette conf\u00e9rence a \u00e9t\u00e9 tr\u00e8s inspirante et tr\u00e8s riche et a permis d\u2019identifier des chemins et des solutions communes aux probl\u00e9matiques de l\u2019emploi dans les pays du bassin m\u00e9diterran\u00e9en\u00a0\u00bb, a soulign\u00e9 le responsable europ\u00e9en\u00a0\u00e0 la c\u00e9r\u00e9monie d\u2019ouverture de cette conf\u00e9rence, qui se tient \u00e0 Marrakech les 17 et 18 mai courant.<\/p>\n<p>Dans ce contexte, M. Schmit\u00a0a pr\u00e9sent\u00e9 les strat\u00e9gies et nouvelles approches europ\u00e9ennes dans le cadre de la promotion de l\u2019emploi, relevant la n\u00e9cessit\u00e9 d\u2019une reprise \u00e9conomique inclusive et durable et d\u2019un acc\u00e8s des cat\u00e9gories vuln\u00e9rables, dont les femmes et les jeunes, \u00e0 un emploi d\u00e9cent.<\/p>\n<p>De son c\u00f4t\u00e9, le ministre de l\u2019Inclusion \u00e9conomique, de la Petite Entreprise, de l\u2019Emploi et des Comp\u00e9tences, M. Younes Sekkouri, a indiqu\u00e9 que cette conf\u00e9rence repr\u00e9sente une \u00e9tape importante \u00e9tant donn\u00e9 que c\u2019est la premi\u00e8re du genre tenue en pr\u00e9sentiel dans le contexte de la crise sanitaire mondiale.<\/p>\n<p>\u00ab\u00a0Le Maroc accorde un int\u00e9r\u00eat particulier \u00e0 la question de la promotion de l\u2019emploi et de l\u2019autonomisation des femmes conform\u00e9ment aux Hautes Orientations Royales, lequel int\u00e9r\u00eat se traduit par une politique ambitieuse visant \u00e0 r\u00e9aliser la s\u00e9curit\u00e9 et la dignit\u00e9 aux citoyens \u00e0 la lumi\u00e8re de l\u2019Etat social\u00a0\u00bb, a-t-il ajout\u00e9.<\/p>\n<p>Dans ce sens, M. Sekkouri a relev\u00e9 que depuis sa nomination par Sa Majest\u00e9 le Roi Mohammed VI, le nouveau gouvernement a mis en place un programme jetant les bases d\u2019un Etat social \u00e0 travers plusieurs pr\u00e9ludes.<\/p>\n<p>Il s\u2019agit entre autres de l\u2019encouragement de l\u2019initiative priv\u00e9e et de l\u2019auto-emploi, l\u2019int\u00e9gration des travailleurs dans le secteur informel, le soutien de la classe moyenne notamment en milieu rural, le lancement de plusieurs chantiers sociaux tels que celui de la g\u00e9n\u00e9ralisation de la protection sociale, l\u2019instauration d\u2019une nouvelle \u00e9tape avec les partenaires sociaux qui passera par l\u2019institutionnalisation d\u2019un dialogue social aboutissant \u00e0 une contractualisation sociale de nouvelle g\u00e9n\u00e9ration, a-t-il expliqu\u00e9.<\/p>\n<p>Et M. Sekkouri de souligner que durant la prochaine \u00e9tape, l\u2019accent sera mis sur le renforcement de la comp\u00e9titivit\u00e9 de l\u2019\u00e9conomie nationale en vue de drainer les investissements g\u00e9n\u00e9rateurs d\u2019emplois, le soutien des TPME, qui constituent plus de 90% du tissu \u00e9conomique marocain, engager des r\u00e9formes en concertation avec les partenaires sociaux, avec notamment l\u2019adoption de lois d\u2019emplois de nouvelle g\u00e9n\u00e9ration.<\/p>\n<p>En guise de conclusion, le responsable gouvernemental a indiqu\u00e9 que la mobilit\u00e9 des comp\u00e9tences doit \u00eatre encourag\u00e9e au sein du pourtour m\u00e9diterran\u00e9en, relevant que le grand d\u00e9fi en la mati\u00e8re consiste \u00e0 trouver un juste \u00e9quilibre entre les besoins de la rive Sud et ceux de la rive Nord du bassin de la M\u00e9diterran\u00e9e.<\/p>\n<p>De son c\u00f4t\u00e9, le secr\u00e9taire g\u00e9n\u00e9ral de l\u2019UpM, M. Nasser Kamel, a soulign\u00e9 que les disparit\u00e9s entre Nord et Sud du pourtour m\u00e9diterran\u00e9en ont \u00e9t\u00e9 exasp\u00e9r\u00e9es suite \u00e0 la crise sanitaire mondiale, dont les r\u00e9percussions n\u2019ont \u00e9pargn\u00e9 aucune \u00e9conomie, en plus des r\u00e9cents d\u00e9veloppements en Ukraine, qui ont abouti \u00e0 une r\u00e9cession de l\u2019\u00e9conomie mondiale.<\/p>\n<p>Dans ce cadre, il a mis l\u2019accent sur le besoin d\u2019une reprise \u00e9conomique durable et un commerce r\u00e9gional \u00e9quitable, relevant que l\u2019UpM poursuivra ses actions en faveur de la promotion de l\u2019emploi, le soutien des TPME pour faire face aux r\u00e9percussions n\u00e9gatives de la Covid-19.<\/p>\n<p>Par ailleurs, M. Kamel a relev\u00e9 que le secr\u00e9tariat g\u00e9n\u00e9ral de l\u2019UpM \u0153uvrera au suivi et la mise en \u0153uvre de toutes les propositions \u00e9manant de cette conf\u00e9rence minist\u00e9rielle sur l\u2019emploi.<\/p>\n<p>De son c\u00f4t\u00e9, le ministre du Travail du Royaume hach\u00e9mite de Jordanie, M. Nayef Stetiah, a soulign\u00e9 que la crise sanitaire mondiale a eu comme effet l\u2019augmentation des taux de ch\u00f4mage dans tous les pays du pourtour m\u00e9diterran\u00e9en, relevant l\u2019urgence de traiter les probl\u00e9matiques relatives aux march\u00e9s de l\u2019emploi.<\/p>\n<p>Dans ce contexte, le responsable jordanien, dont le pays co-pr\u00e9side cette conf\u00e9rence minist\u00e9rielle, a not\u00e9 une prise de conscience et un engagement de tous les pays quant \u00e0 la mise en place de solutions \u00e0 m\u00eame de fournir l\u2019emploi aux cat\u00e9gories vuln\u00e9rables, qui passera n\u00e9cessairement par la promotion des comp\u00e9tences des femmes et des jeunes et l\u2019adoption de politiques sociales r\u00e9pondant aux besoins de ces cat\u00e9gories.<\/p>\n<p>Par la suite, la parole a \u00e9t\u00e9 donn\u00e9e aux ministres et les chefs de d\u00e9l\u00e9gations pour pr\u00e9senter les politiques, plans et priorit\u00e9s des pays du pourtour m\u00e9diterran\u00e9en en mati\u00e8re de promotion de l\u2019emploi, suivi par les interventions des repr\u00e9sentants des partenaires.<\/p>\n<p>Organis\u00e9e par le minist\u00e8re de l\u2019Inclusion \u00e9conomique, de la Petite Entreprise, de l\u2019Emploi et des Comp\u00e9tences, et co-pr\u00e9sid\u00e9e par la Commission europ\u00e9enne \u00e0 travers la Direction G\u00e9n\u00e9rale en charge de l\u2019Emploi et des Affaires sociales, ainsi que le minist\u00e8re du Travail du Royaume hach\u00e9mite de Jordanie, en pr\u00e9sence de l\u2019Union pour la M\u00e9diterran\u00e9e, la 5\u00e8me R\u00e9union minist\u00e9rielle de l\u2019UpM examine les d\u00e9fis pressants sur le march\u00e9 du travail dans la r\u00e9gion euro-m\u00e9diterran\u00e9enne, en particulier sur la mani\u00e8re d\u2019assurer \u00e0 tous, surtout aux plus vuln\u00e9rables, une reprise inclusive, verte, num\u00e9rique et durable.<\/p>\n<p>La conf\u00e9rence permettra de pr\u00e9senter l\u2019ambition derri\u00e8re la strat\u00e9gie jeunesse de l\u2019UpM, consistant \u00e0 se concentrer sur les initiatives r\u00e9gionales pour l\u2019employabilit\u00e9 des femmes et \u00e0 mettre en lumi\u00e8re les actions de l\u2019ONUDI pour les soutenir dans leurs efforts d\u2019autonomisation \u00e9conomique.<\/p>\n<p>La 4e r\u00e9union minist\u00e9rielle de l\u2019UpM sur l\u2019emploi et le travail a eu lieu \u00e0 Cascais, au Portugal, les 2 et 3 avril 2019, sous le titre \u00ab\u00a0Emplois, comp\u00e9tences et opportunit\u00e9s pour tous\u00a0\u00bb.<\/p>\n<p>The post <a rel=\"nofollow\" href=\"https:\/\/www.mapmarrakech.ma\/fr\/upm-la-reunion-ouvre-un-nouveau-chapitre-dans-la-cooperation-mediterraneenne\/\">UpM: La r\u00e9union ouvre un nouveau chapitre dans la coop\u00e9ration<\/a> appeared first on <a rel=\"nofollow\" href=\"https:\/\/www.mapmarrakech.ma\/fr\">MapMarrakech<\/a>.<\/p>\n<\/div>\n<p>Auteur: Meriem IGASS<br \/>\n<a href=\"https:\/\/www.mapmarrakech.ma\/fr\/upm-la-reunion-ouvre-un-nouveau-chapitre-dans-la-cooperation-mediterraneenne\/\">Cliquez ici pour lire l&rsquo;article depuis sa source.<\/a><\/p>\n","protected":false},"excerpt":{"rendered":"<p>\u00ab\u00a0Cette conf\u00e9rence a \u00e9t\u00e9 tr\u00e8s inspirante et tr\u00e8s riche et a permis d\u2019identifier des chemins et des solutions communes aux probl\u00e9matiques de l\u2019emploi dans les pays du bassin m\u00e9diterran\u00e9en\u00a0\u00bb, a soulign\u00e9 le responsable europ\u00e9en\u00a0\u00e0 la c\u00e9r\u00e9monie d\u2019ouverture de cette conf\u00e9rence, qui se tient \u00e0 Marrakech les 17 et 18 mai courant. Dans ce contexte, M. [&hellip;]<\/p>\n","protected":false},"author":1788,"featured_media":0,"comment_status":"closed","ping_status":"closed","sticky":false,"template":"","format":"standard","meta":{"fifu_image_url":"https:\/\/www.mapmarrakech.ma\/map\/uploads\/2022\/05\/schmit-conf-copier.jpg","fifu_image_alt":"UpM: La r\u00e9union ouvre un nouveau chapitre dans la coop\u00e9ration","footnotes":""},"categories":[54,76],"tags":[],"class_list":["post-147978","post","type-post","status-publish","format-standard","hentry","category-maroc","category-regions"],"_links":{"self":[{"href":"https:\/\/linitiative.ca\/International\/wp-json\/wp\/v2\/posts\/147978","targetHints":{"allow":["GET"]}}],"collection":[{"href":"https:\/\/linitiative.ca\/International\/wp-json\/wp\/v2\/posts"}],"about":[{"href":"https:\/\/linitiative.ca\/International\/wp-json\/wp\/v2\/types\/post"}],"author":[{"embeddable":true,"href":"https:\/\/linitiative.ca\/International\/wp-json\/wp\/v2\/users\/1788"}],"replies":[{"embeddable":true,"href":"https:\/\/linitiative.ca\/International\/wp-json\/wp\/v2\/comments?post=147978"}],"version-history":[{"count":0,"href":"https:\/\/linitiative.ca\/International\/wp-json\/wp\/v2\/posts\/147978\/revisions"}],"wp:attachment":[{"href":"https:\/\/linitiative.ca\/International\/wp-json\/wp\/v2\/media?parent=147978"}],"wp:term":[{"taxonomy":"category","embeddable":true,"href":"https:\/\/linitiative.ca\/International\/wp-json\/wp\/v2\/categories?post=147978"},{"taxonomy":"post_tag","embeddable":true,"href":"https:\/\/linitiative.ca\/International\/wp-json\/wp\/v2\/tags?post=147978"}],"curies":[{"name":"wp","href":"https:\/\/api.w.org\/{rel}","templated":true}]}}