{"id":147980,"date":"2022-05-18T09:22:19","date_gmt":"2022-05-18T13:22:19","guid":{"rendered":"https:\/\/linitiative.ca\/International\/formation-des-jeunes-aux-techniques-danimation-et-dencadrement\/"},"modified":"2022-05-18T09:22:19","modified_gmt":"2022-05-18T13:22:19","slug":"formation-des-jeunes-aux-techniques-danimation-et-dencadrement","status":"publish","type":"post","link":"https:\/\/linitiative.ca\/International\/formation-des-jeunes-aux-techniques-danimation-et-dencadrement\/","title":{"rendered":"Formation des jeunes aux techniques d\u2019animation et d\u2019encadrement"},"content":{"rendered":"<div>\n<div style=\"margin-bottom:20px;\"><img loading=\"lazy\" decoding=\"async\" width=\"750\" height=\"430\" src=\"https:\/\/linitiative.ca\/International\/wp-content\/uploads\/sites\/23\/2022\/05\/formation-copier.jpg\" class=\"attachment-post-thumbnail size-post-thumbnail wp-post-image\" alt=\"\" srcset=\"https:\/\/linitiative.ca\/International\/wp-content\/uploads\/sites\/23\/2022\/05\/formation-copier.jpg 750w, https:\/\/www.mapmarrakech.ma\/map\/uploads\/2022\/05\/formation-copier-300x172.jpg 300w\" sizes=\"auto, (max-width: 750px) 100vw, 750px\"><\/div>\n<p>Fruit d\u2019une coop\u00e9ration entre l\u2019Association \u00ab\u00a0Marocains Pluriels\u00a0\u00bb, l\u2019ambassade de France \u00e0 Rabat et l\u2019Association des Centres d\u2019entra\u00eenement aux m\u00e9thodes d\u2019\u00e9ducation active (CEMEA), cette session (JIL-Jeunesses-Insertion-Leadership) de huit jours offre \u00e0 ces jeunes, b\u00e9n\u00e9voles et engag\u00e9s sur le terrain, l\u2019opportunit\u00e9 de d\u00e9velopper une r\u00e9elle comp\u00e9tence \u00e9tay\u00e9e en animation, m\u00e9diation et insertion sociale.<\/p>\n<p>Encadr\u00e9e par des formateurs des CEMEA et de l\u2019Association \u00ab\u00a0Marocains Pluriels\u00a0\u00bb, elle permettra de doter ces acteurs, r\u00e9partis en deux groupes (Nord) \u00e0 Rabat et (Sud) \u00e0 Essaouira, \u00ab\u00a0des connaissances pour ces missions sociales et culturelles, dans les rangs de la jeunesse, dans les quartiers populaires, les associations, les maisons de jeunes\u2026dont nous avons tant besoin\u00a0\u00bb, soulignent les organisateurs.<\/p>\n<p>L\u2019objectif est de former de futurs formateurs capables de transmettre les comp\u00e9tences acquises au sein de leurs structures associatives sur l\u2019ensemble du territoire marocain, rel\u00e8ve-t-on, notant que le minist\u00e8re de la Jeunesse, avec qui l\u2019Ambassade de France au Maroc entretient une coop\u00e9ration de longue date, prend part \u00e0 cette formation en tant qu\u2019observateur.<\/p>\n<p>Cette formation \u00ab\u00a0est en quelque sorte l\u2019aboutissement d\u2019un r\u00eave\u00a0\u00bb, a indiqu\u00e9 le pr\u00e9sident de l\u2019association \u00ab\u00a0Marocains Pluriels\u00a0\u00bb, M. Ahmed Ghayat, dans une d\u00e9claration \u00e0 la MAP, expliquant que cinq ans durant, l\u2019Association \u00ab\u00a0s\u2019efforce de la mettre sur pied, mais la Covid-19 est pass\u00e9e par l\u00e0\u00a0\u00bb.<\/p>\n<p>Aujourd\u2019hui pour la 1\u00e8re fois, 50 jeunes \u2013 dot\u00e9s d\u2019un r\u00e9el engagement de terrain \u2013 pourront b\u00e9n\u00e9ficier d\u2019une formation certifiante \u00ab\u00a0Jeunesse-Insertion-Leadership\u00a0\u00bb, d\u00e9livr\u00e9e par l\u2019un des meilleurs organismes fran\u00e7ais de formation aux m\u00e9tiers de l\u2019animation, \u00e0 savoir les CEMEA, a-t-il dit.<\/p>\n<p>\u00ab\u00a0Gr\u00e2ce \u00e0 un partenariat totalement novateur avec l\u2019ambassade de France, qu\u2019il faut vraiment saluer pour son sens d\u2019innovation, ces jeunes pourront acqu\u00e9rir une r\u00e9elle comp\u00e9tence en animation, m\u00e9diation, insertion sociale\u2026\u00a0\u00bb, a expliqu\u00e9 M. Ghayat.<\/p>\n<p>\u00ab\u00a0J\u2019y crois beaucoup, c\u2019est une premi\u00e8re et si elle est concluante, alors nous pourrons l\u2019envisager \u00e0 une plus grande \u00e9chelle. C\u2019est d\u2019ailleurs dans cette optique que le minist\u00e8re de la Jeunesse prend part \u00e0 cette formation en tant qu\u2019observateur. Nous sommes heureux et fiers d\u2019\u00eatre en quelque sorte des pionniers\u2026\u00a0\u00bb, a conclu l\u2019acteur associatif.<\/p>\n<p>A noter que les futurs formateurs ayant suivi le parcours recevront des attestations validant les comp\u00e9tences acquises et pourront \u00e9galement continuer leur formation en participant \u00e0 une exp\u00e9rience d\u2019encadrement de stage BAFA (Brevet d\u2019aptitude aux fonctions d\u2019animateur) en France.<\/p>\n<p>The post <a rel=\"nofollow\" href=\"https:\/\/www.mapmarrakech.ma\/fr\/formation-des-jeunes-aux-techniques-danimation-et-dencadrement\/\">Formation des jeunes aux techniques d\u2019animation et d\u2019encadrement<\/a> appeared first on <a rel=\"nofollow\" href=\"https:\/\/www.mapmarrakech.ma\/fr\">MapMarrakech<\/a>.<\/p>\n<\/div>\n<p>Auteur: Meriem IGASS<br \/>\n<a href=\"https:\/\/www.mapmarrakech.ma\/fr\/formation-des-jeunes-aux-techniques-danimation-et-dencadrement\/\">Cliquez ici pour lire l&rsquo;article depuis sa source.<\/a><\/p>\n","protected":false},"excerpt":{"rendered":"<p>Fruit d\u2019une coop\u00e9ration entre l\u2019Association \u00ab\u00a0Marocains Pluriels\u00a0\u00bb, l\u2019ambassade de France \u00e0 Rabat et l\u2019Association des Centres d\u2019entra\u00eenement aux m\u00e9thodes d\u2019\u00e9ducation active (CEMEA), cette session (JIL-Jeunesses-Insertion-Leadership) de huit jours offre \u00e0 ces jeunes, b\u00e9n\u00e9voles et engag\u00e9s sur le terrain, l\u2019opportunit\u00e9 de d\u00e9velopper une r\u00e9elle comp\u00e9tence \u00e9tay\u00e9e en animation, m\u00e9diation et insertion sociale. Encadr\u00e9e par des formateurs [&hellip;]<\/p>\n","protected":false},"author":1788,"featured_media":0,"comment_status":"closed","ping_status":"closed","sticky":false,"template":"","format":"standard","meta":{"fifu_image_url":"https:\/\/www.mapmarrakech.ma\/map\/uploads\/2022\/05\/formation-copier.jpg","fifu_image_alt":"Formation des jeunes aux techniques d\u2019animation et d\u2019encadrement","footnotes":""},"categories":[54,76],"tags":[],"class_list":["post-147980","post","type-post","status-publish","format-standard","hentry","category-maroc","category-regions"],"_links":{"self":[{"href":"https:\/\/linitiative.ca\/International\/wp-json\/wp\/v2\/posts\/147980","targetHints":{"allow":["GET"]}}],"collection":[{"href":"https:\/\/linitiative.ca\/International\/wp-json\/wp\/v2\/posts"}],"about":[{"href":"https:\/\/linitiative.ca\/International\/wp-json\/wp\/v2\/types\/post"}],"author":[{"embeddable":true,"href":"https:\/\/linitiative.ca\/International\/wp-json\/wp\/v2\/users\/1788"}],"replies":[{"embeddable":true,"href":"https:\/\/linitiative.ca\/International\/wp-json\/wp\/v2\/comments?post=147980"}],"version-history":[{"count":0,"href":"https:\/\/linitiative.ca\/International\/wp-json\/wp\/v2\/posts\/147980\/revisions"}],"wp:attachment":[{"href":"https:\/\/linitiative.ca\/International\/wp-json\/wp\/v2\/media?parent=147980"}],"wp:term":[{"taxonomy":"category","embeddable":true,"href":"https:\/\/linitiative.ca\/International\/wp-json\/wp\/v2\/categories?post=147980"},{"taxonomy":"post_tag","embeddable":true,"href":"https:\/\/linitiative.ca\/International\/wp-json\/wp\/v2\/tags?post=147980"}],"curies":[{"name":"wp","href":"https:\/\/api.w.org\/{rel}","templated":true}]}}