{"id":147984,"date":"2022-05-18T11:06:02","date_gmt":"2022-05-18T15:06:02","guid":{"rendered":"https:\/\/linitiative.ca\/International\/lentree-au-maroc-necessite-desormais-un-passeport-vaccinal-valide-ou-un-test-pcr-negatif\/"},"modified":"2022-05-18T11:06:02","modified_gmt":"2022-05-18T15:06:02","slug":"lentree-au-maroc-necessite-desormais-un-passeport-vaccinal-valide-ou-un-test-pcr-negatif","status":"publish","type":"post","link":"https:\/\/linitiative.ca\/International\/lentree-au-maroc-necessite-desormais-un-passeport-vaccinal-valide-ou-un-test-pcr-negatif\/","title":{"rendered":"L\u2019entr\u00e9e au Maroc n\u00e9cessite d\u00e9sormais un passeport vaccinal valide ou un test PCR n\u00e9gatif"},"content":{"rendered":"<div>\n<div style=\"margin-bottom:20px;\"><img loading=\"lazy\" decoding=\"async\" width=\"750\" height=\"430\" src=\"https:\/\/linitiative.ca\/International\/wp-content\/uploads\/sites\/23\/2022\/05\/SiC3A8ge-du-MinistC3A8re-de-la-SantC3A9-750C397430-MAP-1-1-1.jpg\" class=\"attachment-post-thumbnail size-post-thumbnail wp-post-image\" alt=\"\" srcset=\"https:\/\/linitiative.ca\/International\/wp-content\/uploads\/sites\/23\/2022\/05\/SiC3A8ge-du-MinistC3A8re-de-la-SantC3A9-750C397430-MAP-1-1-1.jpg 750w, https:\/\/www.mapoujda.ma\/map\/uploads\/2021\/12\/Si\u00e8ge-du-Minist\u00e8re-de-la-Sant\u00e9-750\u00d7430-MAP-1-1-300x172.jpg 300w\" sizes=\"auto, (max-width: 750px) 100vw, 750px\"><\/div>\n<div>\n<p style=\"text-align: justify;\">Les mesures sanitaires pour les diff\u00e9rents points d\u2019entr\u00e9e au Maroc n\u00e9cessitent d\u00e9sormais la pr\u00e9sentation d\u2019un passeport vaccinal valide contre le SARS-Cov-2, conform\u00e9ment au protocole national de vaccination, ou du r\u00e9sultat d\u2019un test PCR n\u00e9gatif ne d\u00e9passant pas 72 heures, indique mercredi le minist\u00e8re de la Sant\u00e9 et de la Protection sociale.<\/p>\n<p style=\"text-align: justify;\">Cette d\u00e9cision a \u00e9t\u00e9 prise dans le cadre de l\u2019actualisation du protocole sanitaire national pour les voyages internationaux, et vu la stabilisation de la situation \u00e9pid\u00e9miologique du Covid-19 au niveau national et international, souligne le minist\u00e8re dans un communiqu\u00e9.<\/p>\n<p style=\"text-align: justify;\">Le minist\u00e8re rappelle qu\u2019un passeport vaccinal valide signifie l\u2019administration de trois doses ou, \u00e0 d\u00e9faut, deux doses dont le d\u00e9lai d\u2019administration de la 2\u00e8me ne d\u00e9passant pas les quatre mois, \u00e0 l\u2019exception du vaccin Johnson &amp; Johnson, o\u00f9 une seule dose \u00e9quivaut \u00e0 2 doses des autres vaccins.<\/p>\n<p style=\"text-align: justify;\">Les enfants de moins de 12 ans sont exempt\u00e9s de toutes conditions d\u2019acc\u00e8s, affirme la m\u00eame source, invitant les voyageurs \u00e0 consulter le site officiel du minist\u00e8re de la Sant\u00e9 et de la Protection sociale \u00ab\u00a0www.sante.gov.ma\u00a0\u00bb ainsi que ses r\u00e9seaux sociaux pour plus de d\u00e9tails sur le protocole sanitaire national actualis\u00e9 pour les voyages internationaux.<\/p>\n<\/div>\n<p>L\u2019article <a rel=\"nofollow\" href=\"https:\/\/www.mapoujda.ma\/fr\/lentree-au-maroc-necessite-desormais-un-passeport-vaccinal-valide-ou-un-test-pcr-negatif\/\">L\u2019entr\u00e9e au Maroc n\u00e9cessite d\u00e9sormais un passeport vaccinal valide ou un test PCR n\u00e9gatif<\/a> est apparu en premier sur <a rel=\"nofollow\" href=\"https:\/\/www.mapoujda.ma\/fr\">MapOujda<\/a>.<\/p>\n<\/div>\n<p>Auteur: Soufiane ELAHMAR<br \/>\n<a href=\"https:\/\/www.mapoujda.ma\/fr\/lentree-au-maroc-necessite-desormais-un-passeport-vaccinal-valide-ou-un-test-pcr-negatif\/\">Cliquez ici pour lire l&rsquo;article depuis sa source.<\/a><\/p>\n","protected":false},"excerpt":{"rendered":"<p>Les mesures sanitaires pour les diff\u00e9rents points d\u2019entr\u00e9e au Maroc n\u00e9cessitent d\u00e9sormais la pr\u00e9sentation d\u2019un passeport vaccinal valide contre le SARS-Cov-2, conform\u00e9ment au protocole national de vaccination, ou du r\u00e9sultat d\u2019un test PCR n\u00e9gatif ne d\u00e9passant pas 72 heures, indique mercredi le minist\u00e8re de la Sant\u00e9 et de la Protection sociale. Cette d\u00e9cision a \u00e9t\u00e9 [&hellip;]<\/p>\n","protected":false},"author":1788,"featured_media":0,"comment_status":"closed","ping_status":"closed","sticky":false,"template":"","format":"standard","meta":{"fifu_image_url":"https:\/\/www.mapoujda.ma\/map\/uploads\/2021\/12\/Si\u00e8ge-du-Minist\u00e8re-de-la-Sant\u00e9-750\u00d7430-MAP-1-1.jpg","fifu_image_alt":"L\u2019entr\u00e9e au Maroc n\u00e9cessite d\u00e9sormais un passeport vaccinal valide ou un test PCR n\u00e9gatif","footnotes":""},"categories":[54,76],"tags":[],"class_list":["post-147984","post","type-post","status-publish","format-standard","hentry","category-maroc","category-regions"],"_links":{"self":[{"href":"https:\/\/linitiative.ca\/International\/wp-json\/wp\/v2\/posts\/147984","targetHints":{"allow":["GET"]}}],"collection":[{"href":"https:\/\/linitiative.ca\/International\/wp-json\/wp\/v2\/posts"}],"about":[{"href":"https:\/\/linitiative.ca\/International\/wp-json\/wp\/v2\/types\/post"}],"author":[{"embeddable":true,"href":"https:\/\/linitiative.ca\/International\/wp-json\/wp\/v2\/users\/1788"}],"replies":[{"embeddable":true,"href":"https:\/\/linitiative.ca\/International\/wp-json\/wp\/v2\/comments?post=147984"}],"version-history":[{"count":0,"href":"https:\/\/linitiative.ca\/International\/wp-json\/wp\/v2\/posts\/147984\/revisions"}],"wp:attachment":[{"href":"https:\/\/linitiative.ca\/International\/wp-json\/wp\/v2\/media?parent=147984"}],"wp:term":[{"taxonomy":"category","embeddable":true,"href":"https:\/\/linitiative.ca\/International\/wp-json\/wp\/v2\/categories?post=147984"},{"taxonomy":"post_tag","embeddable":true,"href":"https:\/\/linitiative.ca\/International\/wp-json\/wp\/v2\/tags?post=147984"}],"curies":[{"name":"wp","href":"https:\/\/api.w.org\/{rel}","templated":true}]}}