{"id":147988,"date":"2022-05-18T09:23:57","date_gmt":"2022-05-18T13:23:57","guid":{"rendered":"https:\/\/linitiative.ca\/International\/oracle-inaugure-un-nouveau-laboratoire-rd-au-maroc\/"},"modified":"2022-05-18T09:23:57","modified_gmt":"2022-05-18T13:23:57","slug":"oracle-inaugure-un-nouveau-laboratoire-rd-au-maroc","status":"publish","type":"post","link":"https:\/\/linitiative.ca\/International\/oracle-inaugure-un-nouveau-laboratoire-rd-au-maroc\/","title":{"rendered":"Oracle inaugure un nouveau laboratoire R&amp;D au Maroc"},"content":{"rendered":"<div>\n<div class=\"field field-name-body field-type-text-with-summary field-label-hidden\">\n<div class=\"field-items\">\n<div class=\"field-item even\" property=\"content:encoded\">\n<p>Oracle a annonc\u00e9 la cr\u00e9ation d\u2019une nouvelle unit\u00e9 de son \u00ab Oracle Lab \u00bb au sein de Casanearshore Park \u00e0 Casablanca, laquelle fait partie d\u2019un large r\u00e9seau d\u00e9velopp\u00e9 par le Groupe enti\u00e8rement d\u00e9di\u00e9 \u00e0 la recherche.<\/p>\n<\/div>\n<\/div>\n<\/div>\n<\/div>\n<p>Auteur: mbasraoui<br \/>\n<a href=\"https:\/\/www.leconomiste.com\/flash-infos\/oracle-inaugure-un-nouveau-laboratoire-rd-au-maroc\">Cliquez ici pour lire l&rsquo;article depuis sa source.<\/a><\/p>\n","protected":false},"excerpt":{"rendered":"<p>Oracle a annonc\u00e9 la cr\u00e9ation d\u2019une nouvelle unit\u00e9 de son \u00ab Oracle Lab \u00bb au sein de Casanearshore Park \u00e0 Casablanca, laquelle fait partie d\u2019un large r\u00e9seau d\u00e9velopp\u00e9 par le Groupe enti\u00e8rement d\u00e9di\u00e9 \u00e0 la recherche. Auteur: mbasraoui Cliquez ici pour lire l&rsquo;article depuis sa source.<\/p>\n","protected":false},"author":1763,"featured_media":0,"comment_status":"closed","ping_status":"closed","sticky":false,"template":"","format":"standard","meta":{"fifu_image_url":"","fifu_image_alt":"","footnotes":""},"categories":[78,54],"tags":[],"class_list":["post-147988","post","type-post","status-publish","format-standard","hentry","category-economie","category-maroc"],"_links":{"self":[{"href":"https:\/\/linitiative.ca\/International\/wp-json\/wp\/v2\/posts\/147988","targetHints":{"allow":["GET"]}}],"collection":[{"href":"https:\/\/linitiative.ca\/International\/wp-json\/wp\/v2\/posts"}],"about":[{"href":"https:\/\/linitiative.ca\/International\/wp-json\/wp\/v2\/types\/post"}],"author":[{"embeddable":true,"href":"https:\/\/linitiative.ca\/International\/wp-json\/wp\/v2\/users\/1763"}],"replies":[{"embeddable":true,"href":"https:\/\/linitiative.ca\/International\/wp-json\/wp\/v2\/comments?post=147988"}],"version-history":[{"count":0,"href":"https:\/\/linitiative.ca\/International\/wp-json\/wp\/v2\/posts\/147988\/revisions"}],"wp:attachment":[{"href":"https:\/\/linitiative.ca\/International\/wp-json\/wp\/v2\/media?parent=147988"}],"wp:term":[{"taxonomy":"category","embeddable":true,"href":"https:\/\/linitiative.ca\/International\/wp-json\/wp\/v2\/categories?post=147988"},{"taxonomy":"post_tag","embeddable":true,"href":"https:\/\/linitiative.ca\/International\/wp-json\/wp\/v2\/tags?post=147988"}],"curies":[{"name":"wp","href":"https:\/\/api.w.org\/{rel}","templated":true}]}}