{"id":147998,"date":"2022-05-18T07:04:00","date_gmt":"2022-05-18T11:04:00","guid":{"rendered":"https:\/\/linitiative.ca\/International\/linteret-ecologique-dune-entreprise\/"},"modified":"2022-05-18T07:04:00","modified_gmt":"2022-05-18T11:04:00","slug":"linteret-ecologique-dune-entreprise","status":"publish","type":"post","link":"https:\/\/linitiative.ca\/International\/linteret-ecologique-dune-entreprise\/","title":{"rendered":"L\u2019int\u00e9r\u00eat \u00e9cologique d\u2019une entreprise"},"content":{"rendered":"<div>\n<p>\u00a0<\/p>\n<p>Pour qu\u2019une entreprise soit engag\u00e9e dans la lutte contre le r\u00e9chauffement climatique, elle doit instaurer une politique visant \u00e0 prot\u00e9ger l\u2019environnement. Quel est son int\u00e9r\u00eat dans cette lutte et comment doit-elle s\u2019y prendre\u00a0?<\/p>\n<p>\u00a0<\/p>\n<h2>Pourquoi doit-elle s\u2019investir dans la protection environnementale\u00a0?<\/h2>\n<p>\u00a0<\/p>\n<p><i>L\u2019\u00e9puisement des ressources naturelles est provoqu\u00e9 majoritairement par les activit\u00e9s industrielles.<\/i> Comme les industries exploitent des ressources non renouvelables, l\u2019\u00e9cologie en subit les cons\u00e9quences. Les r\u00e9serves environnementales se font alors de plus en plus rares. La d\u00e9gradation de l\u2019environnement s\u2019effectue sur de nombreux points\u00a0: <strong>l\u2019\u00e9radication des mati\u00e8res premi\u00e8res, le rejet de d\u00e9chets chimiques, la pollution de l\u2019eau, de l\u2019air et du sol\u202f,<\/strong> etc. Pour toutes ces raisons, une strat\u00e9gie de d\u00e9veloppement durable s\u2019impose pour chaque entreprise. Elle est ax\u00e9e soit sur une r\u00e9duction de la consommation de ressources naturelles ou une utilisation responsable de ces ressources. Quand une entreprise d\u00e9cide de s\u2019investir dans la protection environnementale, deux avantages sortent du lot\u00a0:<\/p>\n<ul>\n<li>l\u2019exploitation de la richesse de la biodiversit\u00e9 par les g\u00e9n\u00e9rations \u00e0 venir ;<\/li>\n<li>les \u00e9conomies financi\u00e8res engendr\u00e9es.<\/li>\n<\/ul>\n<h2>Le Bilan Carbone Entreprise<\/h2>\n<p>\u00a0<\/p>\n<p><i>C\u2019est un \u00e9l\u00e9ment diagnostiquant les \u00e9missions directes et indirectes de gaz \u00e0 effet de serre provoqu\u00e9es par les diff\u00e9rentes activit\u00e9s de la soci\u00e9t\u00e9.<\/i> Ces donn\u00e9es sont formul\u00e9es en dioxyde de carbone \u00e9quivalent ou CO2e. Le CO2 n\u2019est pas le seul gaz \u00e0 effet de serre (GES). Le m\u00e9thane (CH4), l\u2019hydrofluorocarbure (HFC), le protoxyde d\u2019azote (N20), le perfluorocarbure (PFC) et l\u2019hexafluorure de soude (SF6) en font aussi partie. De ce fait, il y a trois diverses <strong>familles de p\u00e9rim\u00e8tre \u00ab\u00a0op\u00e9rationnel\u00a0\u00bb<\/strong> qui sont les diff\u00e9rentes zones d\u2019\u00e9missions, appel\u00e9es scope. Le <strong>scope 1<\/strong> est le bilan carbone limit\u00e9. Tandis que le <strong>scope 2<\/strong> repr\u00e9sente les \u00e9missions indirectes de CO2 en corr\u00e9lation avec la production d\u2019\u00e9nergie. Le <strong>scope 3<\/strong> inclut les autres \u00e9missions indirectes. Elles ne sont pas g\u00e9n\u00e9r\u00e9es directement \u00e0 la fabrication de des produits. Le bilan Carbone est une responsabilit\u00e9 sociale des entreprises afin de participer \u00e0 la lutte contre le changement climatique. Une soci\u00e9t\u00e9 s\u2019y engage pour\u00a0:<\/p>\n<ul>\n<li><strong>accentuer son image de marque ;<\/strong><\/li>\n<li><strong>b\u00e2tir un avantage concurrentiel ;<\/strong><\/li>\n<li><strong>anticiper la loi ;<\/strong><\/li>\n<li><strong>renforcer sa marque employeur.<\/strong><\/li>\n<\/ul>\n<p>Comment alors calculer ces \u00e9missions\u00a0? Deux facteurs d\u00e9finissent ce calcul\u00a0:<\/p>\n<p>\u00a0<\/p>\n<h3>Les ratios physiques<\/h3>\n<p>Quantit\u00e9 GES = Quantit\u00e9 Consomm\u00e9e x Facteur \u00c9mission Physique.<\/p>\n<p>\u00a0<\/p>\n<h3>Les rations mon\u00e9taires<\/h3>\n<p><i>Quantit\u00e9 GES = Prix x Facteur \u00c9mission Mon\u00e9taire.<\/i> <a href=\"https:\/\/www.greenly.earth\/blog-fr\/le-guide-ultime-du-bilan-carbone-pour-les-entreprises-en-2022\">cliquez ici pour d\u00e9couvrir le guide complet<\/a> sur le bilan carbone.<\/p>\n<p>\u00a0<\/p>\n<h2>Comment peut-elle am\u00e9liorer son impact environnemental\u00a0?<\/h2>\n<p>\u00a0<\/p>\n<p>Le plan d\u2019action pour que <a href=\"https:\/\/www.lesechos.fr\/2017\/11\/environnement-les-entreprises-se-soucient-davantage-de-leur-responsabilite-187758\">l\u2019entreprise<\/a> soit un bon acteur \u00e9cologique se subdivise en 3 \u00e9tapes.<\/p>\n<p>\u00a0<\/p>\n<h3>G\u00e9rez les ressources\u00a0!<\/h3>\n<p>Il faut faire attention aux gaspillages sans int\u00e9r\u00eat des mati\u00e8res premi\u00e8res. Les proc\u00e9dures de fabrication sont aussi \u00e0 revoir pour qu\u2019elles soient conformes au respect de l\u2019environnement. Ce qui veut dire que ces proc\u00e9d\u00e9s doivent minorer les nuisances et les pollutions.<\/p>\n<p>\u00a0<\/p>\n<h3>Minimisez les nuisances\u00a0et les pollutions !<\/h3>\n<p>De nombreuses solutions vous sont propos\u00e9es telles l\u2019installation d\u2019\u00e9puration d\u2019eau, de filtres, de protections, d\u2019isolations, de murs antibruit et autres.<\/p>\n<p>\u00a0<\/p>\n<h3>Rectifiez les d\u00e9g\u00e2ts caus\u00e9s\u00a0!<\/h3>\n<p>Le principe est simple\u00a0: <i>le pollueur, l\u2019entreprise, doit payer le co\u00fbt des mesures de traitement des pollutions engendr\u00e9es.<\/i> Quand une soci\u00e9t\u00e9 d\u00e9verse des polluants dans la mer, c\u2019est elle-m\u00eame qui endossera la d\u00e9pollution par ses propres frais. Si le d\u00e9dommagement des riverains est imp\u00e9ratif, faites-le ! La protection de l\u2019environnement est une initiative \u00e9cologie des entreprises afin de privil\u00e9gier les richesses de la biodiversit\u00e9 dans le temps et d\u2019\u00e9tablir des \u00e9conomies. Une entreprise ne sera jamais qualifi\u00e9e de perdant si elle devient actrice \u00e9cologique.<\/p>\n<p>The post <a rel=\"nofollow\" href=\"https:\/\/www.reflexiondz.net\/linteret-ecologique-dune-entreprise\/\">L\u2019int\u00e9r\u00eat \u00e9cologique d\u2019une entreprise<\/a> appeared first on <a rel=\"nofollow\" href=\"https:\/\/www.reflexiondz.net\/\">reflexiondz<\/a>.<\/p>\n<\/div>\n<p>Auteur:<br \/>\n<a href=\"https:\/\/www.reflexiondz.net\/linteret-ecologique-dune-entreprise\/\">Cliquez ici pour lire l&rsquo;article depuis sa source.<\/a><\/p>\n","protected":false},"excerpt":{"rendered":"<p>\u00a0 Pour qu\u2019une entreprise soit engag\u00e9e dans la lutte contre le r\u00e9chauffement climatique, elle doit instaurer une politique visant \u00e0 prot\u00e9ger l\u2019environnement. Quel est son int\u00e9r\u00eat dans cette lutte et comment doit-elle s\u2019y prendre\u00a0? \u00a0 Pourquoi doit-elle s\u2019investir dans la protection environnementale\u00a0? \u00a0 L\u2019\u00e9puisement des ressources naturelles est provoqu\u00e9 majoritairement par les activit\u00e9s industrielles. Comme [&hellip;]<\/p>\n","protected":false},"author":1740,"featured_media":0,"comment_status":"closed","ping_status":"closed","sticky":false,"template":"","format":"standard","meta":{"fifu_image_url":"","fifu_image_alt":"","footnotes":""},"categories":[53,76],"tags":[],"class_list":["post-147998","post","type-post","status-publish","format-standard","hentry","category-algerie","category-regions"],"_links":{"self":[{"href":"https:\/\/linitiative.ca\/International\/wp-json\/wp\/v2\/posts\/147998","targetHints":{"allow":["GET"]}}],"collection":[{"href":"https:\/\/linitiative.ca\/International\/wp-json\/wp\/v2\/posts"}],"about":[{"href":"https:\/\/linitiative.ca\/International\/wp-json\/wp\/v2\/types\/post"}],"author":[{"embeddable":true,"href":"https:\/\/linitiative.ca\/International\/wp-json\/wp\/v2\/users\/1740"}],"replies":[{"embeddable":true,"href":"https:\/\/linitiative.ca\/International\/wp-json\/wp\/v2\/comments?post=147998"}],"version-history":[{"count":0,"href":"https:\/\/linitiative.ca\/International\/wp-json\/wp\/v2\/posts\/147998\/revisions"}],"wp:attachment":[{"href":"https:\/\/linitiative.ca\/International\/wp-json\/wp\/v2\/media?parent=147998"}],"wp:term":[{"taxonomy":"category","embeddable":true,"href":"https:\/\/linitiative.ca\/International\/wp-json\/wp\/v2\/categories?post=147998"},{"taxonomy":"post_tag","embeddable":true,"href":"https:\/\/linitiative.ca\/International\/wp-json\/wp\/v2\/tags?post=147998"}],"curies":[{"name":"wp","href":"https:\/\/api.w.org\/{rel}","templated":true}]}}