{"id":148005,"date":"2022-05-18T12:05:00","date_gmt":"2022-05-18T16:05:00","guid":{"rendered":"https:\/\/linitiative.ca\/International\/le-festival-de-lamandier-debute-ce-vendredi-a-sfax\/"},"modified":"2022-05-18T12:05:00","modified_gmt":"2022-05-18T16:05:00","slug":"le-festival-de-lamandier-debute-ce-vendredi-a-sfax","status":"publish","type":"post","link":"https:\/\/linitiative.ca\/International\/le-festival-de-lamandier-debute-ce-vendredi-a-sfax\/","title":{"rendered":"Le Festival de l\u2019Amandier d\u00e9bute ce vendredi \u00e0 Sfax"},"content":{"rendered":"<div><img decoding=\"async\" src=\"https:\/\/linitiative.ca\/International\/wp-content\/uploads\/sites\/23\/2022\/05\/1652886308_article.jpg\" alt=\"Le Festival de l\u2019Amandier d\u00e9bute ce vendredi \u00e0 Sfax\" align=\"left\">L\u2019amandier sera c\u00e9l\u00e9br\u00e9 en festival national qui d\u00e9butera ce vendredi 20 mai 2022 \u00e0 Sfax, dans une deuxi\u00e8me \u00e9dition enrichie et attractive.<br \/>\nPlac\u00e9 sous l\u2019\u00e9gide du minist\u00e8re de l&rsquo;Agriculture, des Ressources hydrauliques et de la P\u00eache, il se tiendra pendant trois jours jusqu\u2019au dimanche 22 mai 2022 au centre culturel Borj Kallel, \u00e0 l\u2019initiative de la maison Gourmandise et l\u2019Association du Patrimoine et des Propri\u00e9taires des Anciennes Demeures (APPAD).<\/p>\n<p>Cette manifestation met en valeur les caract\u00e9ristiques et les bienfaits de l\u2019amandier dans diverses utilisations tant dans la p\u00e2tisserie que dans l&rsquo;industrie. En effet, la culture de l\u2019Amandier occupe la &#8230;<\/p>\n<\/div>\n<p>Auteur:<br \/>\n<a href=\"https:\/\/www.leaders.com.tn\/article\/33360-le-festival-de-l-amandier-debute-ce-vendredi-a-sfax\">Cliquez ici pour lire l&rsquo;article depuis sa source.<\/a><\/p>\n","protected":false},"excerpt":{"rendered":"<p>L\u2019amandier sera c\u00e9l\u00e9br\u00e9 en festival national qui d\u00e9butera ce vendredi 20 mai 2022 \u00e0 Sfax, dans une deuxi\u00e8me \u00e9dition enrichie et attractive. Plac\u00e9 sous l\u2019\u00e9gide du minist\u00e8re de l&rsquo;Agriculture, des Ressources hydrauliques et de la P\u00eache, il se tiendra pendant trois jours jusqu\u2019au dimanche 22 mai 2022 au centre culturel Borj Kallel, \u00e0 l\u2019initiative de [&hellip;]<\/p>\n","protected":false},"author":1772,"featured_media":0,"comment_status":"closed","ping_status":"closed","sticky":false,"template":"","format":"standard","meta":{"fifu_image_url":"http:\/\/www.leaders.com.tn\/uploads\/content\/thumbnails_small\/1652886308_article.jpg","fifu_image_alt":"Le Festival de l\u2019Amandier d\u00e9bute ce vendredi \u00e0 Sfax","footnotes":""},"categories":[73,55],"tags":[],"class_list":["post-148005","post","type-post","status-publish","format-standard","hentry","category-actualite","category-tunisie"],"_links":{"self":[{"href":"https:\/\/linitiative.ca\/International\/wp-json\/wp\/v2\/posts\/148005","targetHints":{"allow":["GET"]}}],"collection":[{"href":"https:\/\/linitiative.ca\/International\/wp-json\/wp\/v2\/posts"}],"about":[{"href":"https:\/\/linitiative.ca\/International\/wp-json\/wp\/v2\/types\/post"}],"author":[{"embeddable":true,"href":"https:\/\/linitiative.ca\/International\/wp-json\/wp\/v2\/users\/1772"}],"replies":[{"embeddable":true,"href":"https:\/\/linitiative.ca\/International\/wp-json\/wp\/v2\/comments?post=148005"}],"version-history":[{"count":0,"href":"https:\/\/linitiative.ca\/International\/wp-json\/wp\/v2\/posts\/148005\/revisions"}],"wp:attachment":[{"href":"https:\/\/linitiative.ca\/International\/wp-json\/wp\/v2\/media?parent=148005"}],"wp:term":[{"taxonomy":"category","embeddable":true,"href":"https:\/\/linitiative.ca\/International\/wp-json\/wp\/v2\/categories?post=148005"},{"taxonomy":"post_tag","embeddable":true,"href":"https:\/\/linitiative.ca\/International\/wp-json\/wp\/v2\/tags?post=148005"}],"curies":[{"name":"wp","href":"https:\/\/api.w.org\/{rel}","templated":true}]}}