{"id":148017,"date":"2022-05-18T16:42:11","date_gmt":"2022-05-18T20:42:11","guid":{"rendered":"https:\/\/linitiative.ca\/International\/souss-massa-les-projets-de-valorisation-des-dechets-agricoles-se-multiplient\/"},"modified":"2022-05-18T16:42:11","modified_gmt":"2022-05-18T20:42:11","slug":"souss-massa-les-projets-de-valorisation-des-dechets-agricoles-se-multiplient","status":"publish","type":"post","link":"https:\/\/linitiative.ca\/International\/souss-massa-les-projets-de-valorisation-des-dechets-agricoles-se-multiplient\/","title":{"rendered":"Souss Massa. Les projets de valorisation des d\u00e9chets agricoles se multiplient"},"content":{"rendered":"<div><img decoding=\"async\" width=\"800\" height=\"550\" src=\"https:\/\/linitiative.ca\/International\/wp-content\/uploads\/sites\/23\/2022\/05\/dechets-plastique.jpg\" class=\"attachment-post-thumbnail size-post-thumbnail wp-post-image\" alt=\"\" loading=\"lazy\" srcset=\"https:\/\/linitiative.ca\/International\/wp-content\/uploads\/sites\/23\/2022\/05\/dechets-plastique.jpg 800w, https:\/\/www.challenge.ma\/wp-content\/uploads\/2022\/05\/dechets-plastique-300x206.jpg 300w, https:\/\/www.challenge.ma\/wp-content\/uploads\/2022\/05\/dechets-plastique-768x528.jpg 768w, https:\/\/www.challenge.ma\/wp-content\/uploads\/2022\/05\/dechets-plastique-360x248.jpg 360w, https:\/\/www.challenge.ma\/wp-content\/uploads\/2022\/05\/dechets-plastique-750x516.jpg 750w\" sizes=\"auto, (max-width: 800px) 100vw, 800px\" itemprop=\"image\">Moins d\u2019un an apr\u00e8s le lancement d\u2019AgroTech Souss Massa, une association issue d\u2019un partenariat public priv\u00e9 ayant pour but de structurer la fili\u00e8re de valorisation et de recyclage des d\u00e9chets plastiques agricoles, les premi\u00e8res initiatives priv\u00e9es commencent \u00e0 se mettre en place. En effet, la soci\u00e9t\u00e9 Samy Sud s\u2019appr\u00eate \u00e0<\/div>\n<p>Auteur: Adama Sylla<br \/>\n<a href=\"https:\/\/www.challenge.ma\/souss-massa-les-projets-de-valorisation-des-dechets-agricoles-se-multiplient-238581\/\">Cliquez ici pour lire l&rsquo;article depuis sa source.<\/a><\/p>\n","protected":false},"excerpt":{"rendered":"<p>Moins d\u2019un an apr\u00e8s le lancement d\u2019AgroTech Souss Massa, une association issue d\u2019un partenariat public priv\u00e9 ayant pour but de structurer la fili\u00e8re de valorisation et de recyclage des d\u00e9chets plastiques agricoles, les premi\u00e8res initiatives priv\u00e9es commencent \u00e0 se mettre en place. En effet, la soci\u00e9t\u00e9 Samy Sud s\u2019appr\u00eate \u00e0 Auteur: Adama Sylla Cliquez ici [&hellip;]<\/p>\n","protected":false},"author":1787,"featured_media":0,"comment_status":"closed","ping_status":"closed","sticky":false,"template":"","format":"standard","meta":{"fifu_image_url":"https:\/\/www.challenge.ma\/wp-content\/uploads\/2022\/05\/dechets-plastique.jpg","fifu_image_alt":"Souss Massa. Les projets de valorisation des d\u00e9chets agricoles se multiplient","footnotes":""},"categories":[78,54],"tags":[],"class_list":["post-148017","post","type-post","status-publish","format-standard","hentry","category-economie","category-maroc"],"_links":{"self":[{"href":"https:\/\/linitiative.ca\/International\/wp-json\/wp\/v2\/posts\/148017","targetHints":{"allow":["GET"]}}],"collection":[{"href":"https:\/\/linitiative.ca\/International\/wp-json\/wp\/v2\/posts"}],"about":[{"href":"https:\/\/linitiative.ca\/International\/wp-json\/wp\/v2\/types\/post"}],"author":[{"embeddable":true,"href":"https:\/\/linitiative.ca\/International\/wp-json\/wp\/v2\/users\/1787"}],"replies":[{"embeddable":true,"href":"https:\/\/linitiative.ca\/International\/wp-json\/wp\/v2\/comments?post=148017"}],"version-history":[{"count":0,"href":"https:\/\/linitiative.ca\/International\/wp-json\/wp\/v2\/posts\/148017\/revisions"}],"wp:attachment":[{"href":"https:\/\/linitiative.ca\/International\/wp-json\/wp\/v2\/media?parent=148017"}],"wp:term":[{"taxonomy":"category","embeddable":true,"href":"https:\/\/linitiative.ca\/International\/wp-json\/wp\/v2\/categories?post=148017"},{"taxonomy":"post_tag","embeddable":true,"href":"https:\/\/linitiative.ca\/International\/wp-json\/wp\/v2\/tags?post=148017"}],"curies":[{"name":"wp","href":"https:\/\/api.w.org\/{rel}","templated":true}]}}