{"id":148028,"date":"2022-05-18T10:02:34","date_gmt":"2022-05-18T14:02:34","guid":{"rendered":"https:\/\/linitiative.ca\/International\/situation-nationale-zephirin-diabre-fait-la-ronde-des-partis-politiques\/"},"modified":"2022-05-18T10:02:34","modified_gmt":"2022-05-18T14:02:34","slug":"situation-nationale-zephirin-diabre-fait-la-ronde-des-partis-politiques","status":"publish","type":"post","link":"https:\/\/linitiative.ca\/International\/situation-nationale-zephirin-diabre-fait-la-ronde-des-partis-politiques\/","title":{"rendered":"Situation nationale\u00a0: Z\u00e9phirin Diabr\u00e9 fait la ronde des partis politiques"},"content":{"rendered":"<div>\n<p><strong>Dans le cadre de sa tourn\u00e9e de concertation avec d\u2019autres partis et formations politiques, le pr\u00e9sident de l\u2019Union pour le progr\u00e8s et le changement (UPC) Z\u00e9phirin Diabr\u00e9 rencontre aujourd\u2019hui, 18 mai 2022, le Mouvement du peuple pour le progr\u00e8s (MPP) et le Congr\u00e8s pour la d\u00e9mocratie et le progr\u00e8s (CDP) apr\u00e8s avoir eu une entrevue hier avec le premier responsable de la Convention national pour le progr\u00e8s (CNP), Zambend\u00e9 Th\u00e9odore Sawadogo.<\/strong><\/p>\n<p>L\u2019intention du pr\u00e9sident de l\u2019UPC est de faire en sorte que la classe politique apporte sa contribution \u00e0 la situation actuelle et \u00e0 l\u2019\u00e9volution du pays.<\/p>\n<p>Sur le plan de la s\u00e9curit\u00e9 Z\u00e9phirin Diabr\u00e9 souhaite que des efforts suppl\u00e9mentaires soient faits pour que \u00ab\u00a0les mauvaises nouvelles qui continuent de nous parvenir s\u2019arr\u00eatent\u00a0\u00bb. Quand \u00e0 l\u2019inflation grandissante, l\u2019ancien ministre en charge de la R\u00e9conciliation nationale \u00ab\u00a0exhorte les autorit\u00e9s \u00e0 faire le maximum qu\u2019elles peuvent afin qu\u2019elles puissent soulager la mis\u00e8re financi\u00e8re des m\u00e9nages\u00a0\u00bb.<\/p>\n<p>Le responsable du parti du lion estime que la classe politique a une responsabilit\u00e9 \u00e0 assumer pour aider le pays \u00e0 traverser cette phase de son histoire. \u00ab\u00a0Elle doit pouvoir, d\u2019une mani\u00e8re qu\u2019elle choisira, s\u2019organiser pour donner sa contribution\u00a0\u00bb, a-t-il d\u00e9clar\u00e9 au sortir de sa rencontre du jour avec le MPP.<\/p>\n<p>Z\u00e9phirin Diabr\u00e9 a \u00e9mis par ailleurs le souhait que \u00ab\u00a0de mani\u00e8re diligente, les \u00e9tapes soient suivies pour que rapidement on puisse finir la transition et les conditions idoines d\u2019un retour \u00e0 l\u2019Etat de droit puissent revenir et qu\u2019on puisse retrouver un jeu politique normal\u00a0\u00bb.<\/p>\n<p>Avec ses pairs des autres formations politiques, Z\u00e9phirin Diabr\u00e9 pose \u00e9galement la n\u00e9cessit\u00e9 d\u2019une refondation des partis politiques.<\/p>\n<p>\u00ab\u00a0L\u2019opinion accuse les hommes politiques d\u2019\u00eatre \u00e0 la base des probl\u00e8mes du pays. \u00c7a doit nous amener \u00e0 r\u00e9fl\u00e9chir, peut \u00eatre que dans notre mani\u00e8re de faire la politique on fait des choses que les Burkinab\u00e8 n\u2019aiment pas. Quelque part, au-del\u00e0 de nos divergences il faut qu\u2019on s\u2019asseye pour r\u00e9fl\u00e9chir\u00a0\u00bb, a-t-il expliqu\u00e9.<\/p>\n<p style=\"text-align: right\"><strong>Fab\u00e9 OUATTARA<\/strong><\/p>\n<\/div>\n<p>Auteur: Wamini SIDWAYA<br \/>\n<a href=\"https:\/\/www.sidwaya.info\/blog\/2022\/05\/18\/situation-nationale-zephirin-diabre-fait-la-ronde-des-partis-politiques\/\">Cliquez ici pour lire l&rsquo;article depuis sa source.<\/a><\/p>\n","protected":false},"excerpt":{"rendered":"<p>Dans le cadre de sa tourn\u00e9e de concertation avec d\u2019autres partis et formations politiques, le pr\u00e9sident de l\u2019Union pour le progr\u00e8s et le changement (UPC) Z\u00e9phirin Diabr\u00e9 rencontre aujourd\u2019hui, 18 mai 2022, le Mouvement du peuple pour le progr\u00e8s (MPP) et le Congr\u00e8s pour la d\u00e9mocratie et le progr\u00e8s (CDP) apr\u00e8s avoir eu une entrevue [&hellip;]<\/p>\n","protected":false},"author":1816,"featured_media":0,"comment_status":"closed","ping_status":"closed","sticky":false,"template":"","format":"standard","meta":{"fifu_image_url":"","fifu_image_alt":"","footnotes":""},"categories":[73,81],"tags":[],"class_list":["post-148028","post","type-post","status-publish","format-standard","hentry","category-actualite","category-burkina-faso"],"_links":{"self":[{"href":"https:\/\/linitiative.ca\/International\/wp-json\/wp\/v2\/posts\/148028","targetHints":{"allow":["GET"]}}],"collection":[{"href":"https:\/\/linitiative.ca\/International\/wp-json\/wp\/v2\/posts"}],"about":[{"href":"https:\/\/linitiative.ca\/International\/wp-json\/wp\/v2\/types\/post"}],"author":[{"embeddable":true,"href":"https:\/\/linitiative.ca\/International\/wp-json\/wp\/v2\/users\/1816"}],"replies":[{"embeddable":true,"href":"https:\/\/linitiative.ca\/International\/wp-json\/wp\/v2\/comments?post=148028"}],"version-history":[{"count":0,"href":"https:\/\/linitiative.ca\/International\/wp-json\/wp\/v2\/posts\/148028\/revisions"}],"wp:attachment":[{"href":"https:\/\/linitiative.ca\/International\/wp-json\/wp\/v2\/media?parent=148028"}],"wp:term":[{"taxonomy":"category","embeddable":true,"href":"https:\/\/linitiative.ca\/International\/wp-json\/wp\/v2\/categories?post=148028"},{"taxonomy":"post_tag","embeddable":true,"href":"https:\/\/linitiative.ca\/International\/wp-json\/wp\/v2\/tags?post=148028"}],"curies":[{"name":"wp","href":"https:\/\/api.w.org\/{rel}","templated":true}]}}