{"id":148029,"date":"2022-05-18T10:12:28","date_gmt":"2022-05-18T14:12:28","guid":{"rendered":"https:\/\/linitiative.ca\/International\/cyclisme-lerythreen-biniam-girmay-dans-la-cour-des-champions-internationaux\/"},"modified":"2022-05-18T10:12:28","modified_gmt":"2022-05-18T14:12:28","slug":"cyclisme-lerythreen-biniam-girmay-dans-la-cour-des-champions-internationaux","status":"publish","type":"post","link":"https:\/\/linitiative.ca\/International\/cyclisme-lerythreen-biniam-girmay-dans-la-cour-des-champions-internationaux\/","title":{"rendered":"Cyclisme : l\u2019\u00c9rythr\u00e9en Biniam Girmay dans la cour des champions internationaux"},"content":{"rendered":"<div>\n<p>Le cycliste \u00e9rythr\u00e9en Biniam Girmay est en train de mettre la lumi\u00e8re sur le cyclisme et les coureurs africains en remportant \u00e0 22 ans, la 10e\u00a0 \u00e9tape du Giro d\u2019Italie, reliant Pescara \u00e0 Jesi.<\/p>\n<p>Selon nos confr\u00e8res d\u2019Africanews, avant cet exploit, il avait\u00a0 remport\u00e9\u00a0 le Gand Wevelgem en Belgique, devenant le premier africain \u00e0 s\u2019imposer \u00e0 cette course.<\/p>\n<p>Malheureusement L\u2019Erythr\u00e9en a d\u00fb abandonner le Giro ce mercredi 18 mai dans la matin\u00e9e \u00e0 cause d\u2019une blessure \u00e0 l\u2019\u0153il gauche occasionn\u00e9e par le bouchon d\u2019une bouteille de champagne sur le podium.<\/p>\n<p>Dans l\u2019entourage de son \u00e9quipe, Intermarch\u00e9, on indique que le choix d\u2019abandonner la course a \u00e9t\u00e9 fait par prudence. \u00ab Les examens ont r\u00e9v\u00e9l\u00e9 des l\u00e9sions \u00e0 l\u2019\u0153il gauche, qui n\u00e9cessitent la plus grande pr\u00e9caution et du repos \u00bb, a pr\u00e9cis\u00e9 l\u2019\u00e9quipe belge.<\/p>\n<p>En quelques mois, Biniam Girmay est devenu l\u2019un des grands noms du cyclisme international.<\/p>\n<p style=\"text-align: right\"><strong>AK<\/strong><\/p>\n<\/div>\n<p>Auteur: Wamini SIDWAYA<br \/>\n<a href=\"https:\/\/www.sidwaya.info\/blog\/2022\/05\/18\/cyclisme-lerythreen-biniam-girmay-dans-la-cour-des-champions-internationaux\/\">Cliquez ici pour lire l&rsquo;article depuis sa source.<\/a><\/p>\n","protected":false},"excerpt":{"rendered":"<p>Le cycliste \u00e9rythr\u00e9en Biniam Girmay est en train de mettre la lumi\u00e8re sur le cyclisme et les coureurs africains en remportant \u00e0 22 ans, la 10e\u00a0 \u00e9tape du Giro d\u2019Italie, reliant Pescara \u00e0 Jesi. Selon nos confr\u00e8res d\u2019Africanews, avant cet exploit, il avait\u00a0 remport\u00e9\u00a0 le Gand Wevelgem en Belgique, devenant le premier africain \u00e0 s\u2019imposer [&hellip;]<\/p>\n","protected":false},"author":1816,"featured_media":0,"comment_status":"closed","ping_status":"closed","sticky":false,"template":"","format":"standard","meta":{"fifu_image_url":"","fifu_image_alt":"","footnotes":""},"categories":[73,81],"tags":[],"class_list":["post-148029","post","type-post","status-publish","format-standard","hentry","category-actualite","category-burkina-faso"],"_links":{"self":[{"href":"https:\/\/linitiative.ca\/International\/wp-json\/wp\/v2\/posts\/148029","targetHints":{"allow":["GET"]}}],"collection":[{"href":"https:\/\/linitiative.ca\/International\/wp-json\/wp\/v2\/posts"}],"about":[{"href":"https:\/\/linitiative.ca\/International\/wp-json\/wp\/v2\/types\/post"}],"author":[{"embeddable":true,"href":"https:\/\/linitiative.ca\/International\/wp-json\/wp\/v2\/users\/1816"}],"replies":[{"embeddable":true,"href":"https:\/\/linitiative.ca\/International\/wp-json\/wp\/v2\/comments?post=148029"}],"version-history":[{"count":0,"href":"https:\/\/linitiative.ca\/International\/wp-json\/wp\/v2\/posts\/148029\/revisions"}],"wp:attachment":[{"href":"https:\/\/linitiative.ca\/International\/wp-json\/wp\/v2\/media?parent=148029"}],"wp:term":[{"taxonomy":"category","embeddable":true,"href":"https:\/\/linitiative.ca\/International\/wp-json\/wp\/v2\/categories?post=148029"},{"taxonomy":"post_tag","embeddable":true,"href":"https:\/\/linitiative.ca\/International\/wp-json\/wp\/v2\/tags?post=148029"}],"curies":[{"name":"wp","href":"https:\/\/api.w.org\/{rel}","templated":true}]}}