{"id":148030,"date":"2022-05-18T12:06:27","date_gmt":"2022-05-18T16:06:27","guid":{"rendered":"https:\/\/linitiative.ca\/International\/fahad-aldosari-ambassadeur-saoudien-nous-serons-toujours-aux-cotes-du-burkina-faso\/"},"modified":"2022-05-18T12:06:27","modified_gmt":"2022-05-18T16:06:27","slug":"fahad-aldosari-ambassadeur-saoudien-nous-serons-toujours-aux-cotes-du-burkina-faso","status":"publish","type":"post","link":"https:\/\/linitiative.ca\/International\/fahad-aldosari-ambassadeur-saoudien-nous-serons-toujours-aux-cotes-du-burkina-faso\/","title":{"rendered":"Fahad Aldosari, Ambassadeur saoudien : \u00ab Nous serons toujours aux c\u00f4t\u00e9s du Burkina Faso \u00bb"},"content":{"rendered":"<div>\n<p><strong>Le pr\u00e9sident de l\u2019Assembl\u00e9e l\u00e9gislative de Transition (ALT), Aboubacar Toguyeni, a re\u00e7u en audience l\u2019ambassadeur du royaume d\u2019Arabie saoudite, Fahad Aldosari, le mercredi 18 mai 2022, \u00e0 Ouagadougou. <\/strong><\/p>\n<p>L\u2019ambassadeur du royaume d\u2019Arabie saoudite au Burkina Faso, Fahad Aldosari, a \u00e9t\u00e9 le porteur d\u2019un message de f\u00e9licitations du pr\u00e9sident de la Choura saoudienne \u00e0 son homologue, le pr\u00e9sident de l\u2019Assembl\u00e9e l\u00e9gislative de Transition (ALT), Aboubacar Toguyeni. Il a \u00e9t\u00e9 re\u00e7u en audience dans l\u2019apr\u00e8s-midi du mercredi 18 mai 2022, \u00e0 Ouagadougou, par le pr\u00e9sident de l\u2019ALT. Au cours de l\u2019audience, les deux personnalit\u00e9s ont abord\u00e9 les relations bilat\u00e9rales entre les deux pays. \u00ab\u00a0Nous avons \u00e9chang\u00e9 sur la coop\u00e9ration entre les deux pays fr\u00e8res. Nous avons discut\u00e9 des diff\u00e9rents domaines de la coop\u00e9ration et \u00e9voqu\u00e9 la n\u00e9cessit\u00e9 de les renforcer\u00a0\u00bb, a d\u00e9clar\u00e9 le diplomate saoudien au sortir de l\u2019audience. Il a confi\u00e9 que son pays est dispos\u00e9 \u00e0 apporter son soutien au Burkina pour faire face aux d\u00e9fis s\u00e9curitaire et humanitaires.\u00a0 D\u00e9j\u00e0, dans le cadre du G5 Sahel, a indiqu\u00e9 l\u2019ambassadeur Fahad Aldosari, son pays a offert 200 millions de dollars dont le pays des Hommes int\u00e8gres pourrait b\u00e9n\u00e9ficier. \u00ab\u00a0Dans le volet humanitaire, nous sommes en train d\u2019envisager comment apporter de l\u2019aide aux personnes d\u00e9plac\u00e9es internes en fonction de leurs besoins\u00a0\u00bb, a-t-il laiss\u00e9 entendre. M. Aldosari a dit qu\u2019il fera de son mieux pour raffermir davantage les liens de coop\u00e9ration et d\u2019amiti\u00e9 entre l\u2019Arabie saoudite et le Burkina qui existent depuis longtemps. \u00ab\u00a0Nous serons toujours aux c\u00f4t\u00e9s du Burkina Faso\u00a0\u00bb, a-t-il conclu.<\/p>\n<p><strong>Karim BADOLO<\/strong><\/p>\n<\/div>\n<p>Auteur: BS. Sidwaya<br \/>\n<a href=\"https:\/\/www.sidwaya.info\/blog\/2022\/05\/18\/fahad-aldosari-ambassadeur-saoudien-nous-serons-toujours-aux-cotes-du-burkina-faso\/\">Cliquez ici pour lire l&rsquo;article depuis sa source.<\/a><\/p>\n","protected":false},"excerpt":{"rendered":"<p>Le pr\u00e9sident de l\u2019Assembl\u00e9e l\u00e9gislative de Transition (ALT), Aboubacar Toguyeni, a re\u00e7u en audience l\u2019ambassadeur du royaume d\u2019Arabie saoudite, Fahad Aldosari, le mercredi 18 mai 2022, \u00e0 Ouagadougou. L\u2019ambassadeur du royaume d\u2019Arabie saoudite au Burkina Faso, Fahad Aldosari, a \u00e9t\u00e9 le porteur d\u2019un message de f\u00e9licitations du pr\u00e9sident de la Choura saoudienne \u00e0 son homologue, [&hellip;]<\/p>\n","protected":false},"author":1816,"featured_media":0,"comment_status":"closed","ping_status":"closed","sticky":false,"template":"","format":"standard","meta":{"fifu_image_url":"","fifu_image_alt":"","footnotes":""},"categories":[73,81],"tags":[],"class_list":["post-148030","post","type-post","status-publish","format-standard","hentry","category-actualite","category-burkina-faso"],"_links":{"self":[{"href":"https:\/\/linitiative.ca\/International\/wp-json\/wp\/v2\/posts\/148030","targetHints":{"allow":["GET"]}}],"collection":[{"href":"https:\/\/linitiative.ca\/International\/wp-json\/wp\/v2\/posts"}],"about":[{"href":"https:\/\/linitiative.ca\/International\/wp-json\/wp\/v2\/types\/post"}],"author":[{"embeddable":true,"href":"https:\/\/linitiative.ca\/International\/wp-json\/wp\/v2\/users\/1816"}],"replies":[{"embeddable":true,"href":"https:\/\/linitiative.ca\/International\/wp-json\/wp\/v2\/comments?post=148030"}],"version-history":[{"count":0,"href":"https:\/\/linitiative.ca\/International\/wp-json\/wp\/v2\/posts\/148030\/revisions"}],"wp:attachment":[{"href":"https:\/\/linitiative.ca\/International\/wp-json\/wp\/v2\/media?parent=148030"}],"wp:term":[{"taxonomy":"category","embeddable":true,"href":"https:\/\/linitiative.ca\/International\/wp-json\/wp\/v2\/categories?post=148030"},{"taxonomy":"post_tag","embeddable":true,"href":"https:\/\/linitiative.ca\/International\/wp-json\/wp\/v2\/tags?post=148030"}],"curies":[{"name":"wp","href":"https:\/\/api.w.org\/{rel}","templated":true}]}}