{"id":148092,"date":"2022-05-19T16:16:46","date_gmt":"2022-05-19T20:16:46","guid":{"rendered":"https:\/\/linitiative.ca\/International\/le-conseil-de-gouvernement-adopte-deux-projets-de-decret-sur-la-legalisation-electronique-de-signature-et-des-copies-conformes\/"},"modified":"2022-05-19T16:16:46","modified_gmt":"2022-05-19T20:16:46","slug":"le-conseil-de-gouvernement-adopte-deux-projets-de-decret-sur-la-legalisation-electronique-de-signature-et-des-copies-conformes","status":"publish","type":"post","link":"https:\/\/linitiative.ca\/International\/le-conseil-de-gouvernement-adopte-deux-projets-de-decret-sur-la-legalisation-electronique-de-signature-et-des-copies-conformes\/","title":{"rendered":"Le Conseil de gouvernement adopte deux projets de d\u00e9cret sur la l\u00e9galisation \u00e9lectronique de signature et des copies conformes\u00a0"},"content":{"rendered":"<div><img decoding=\"async\" width=\"800\" height=\"533\" src=\"https:\/\/linitiative.ca\/International\/wp-content\/uploads\/sites\/23\/2022\/05\/conseil-de-gov-2-1536x1024-2-e1652991259100.jpg\" class=\"attachment-post-thumbnail size-post-thumbnail wp-post-image\" alt=\"\" loading=\"lazy\" itemprop=\"image\">Le Conseil de gouvernement, r\u00e9uni jeudi \u00e0 Rabat sous la pr\u00e9sidence du Chef du gouvernement Aziz Akhannouch, a adopt\u00e9 un projet de d\u00e9cret portant sur la d\u00e9termination des modalit\u00e9s d\u2019attestation de l\u2019authenticit\u00e9 de la signature par les communes et les circonscriptions. Il a \u00e9galement approuv\u00e9 le projet relatif aux modalit\u00e9s<\/div>\n<p>Auteur: Mehdi Ouazzani<br \/>\n<a href=\"https:\/\/www.challenge.ma\/le-conseil-de-gouvernement-adopte-deux-projets-de-decret-sur-la-gestion-electronique-de-la-legalisation-de-signature-et-des-copies-conformes-238986\/\">Cliquez ici pour lire l&rsquo;article depuis sa source.<\/a><\/p>\n","protected":false},"excerpt":{"rendered":"<p>Le Conseil de gouvernement, r\u00e9uni jeudi \u00e0 Rabat sous la pr\u00e9sidence du Chef du gouvernement Aziz Akhannouch, a adopt\u00e9 un projet de d\u00e9cret portant sur la d\u00e9termination des modalit\u00e9s d\u2019attestation de l\u2019authenticit\u00e9 de la signature par les communes et les circonscriptions. Il a \u00e9galement approuv\u00e9 le projet relatif aux modalit\u00e9s Auteur: Mehdi Ouazzani Cliquez ici [&hellip;]<\/p>\n","protected":false},"author":1787,"featured_media":0,"comment_status":"closed","ping_status":"closed","sticky":false,"template":"","format":"standard","meta":{"fifu_image_url":"https:\/\/www.challenge.ma\/wp-content\/uploads\/2021\/10\/conseil-de-gov-2-1536x1024-2-e1652991259100.jpg","fifu_image_alt":"Le Conseil de gouvernement adopte deux projets de d\u00e9cret sur la l\u00e9galisation \u00e9lectronique de signature et des copies conformes\u00a0","footnotes":""},"categories":[78,54],"tags":[],"class_list":["post-148092","post","type-post","status-publish","format-standard","hentry","category-economie","category-maroc"],"_links":{"self":[{"href":"https:\/\/linitiative.ca\/International\/wp-json\/wp\/v2\/posts\/148092","targetHints":{"allow":["GET"]}}],"collection":[{"href":"https:\/\/linitiative.ca\/International\/wp-json\/wp\/v2\/posts"}],"about":[{"href":"https:\/\/linitiative.ca\/International\/wp-json\/wp\/v2\/types\/post"}],"author":[{"embeddable":true,"href":"https:\/\/linitiative.ca\/International\/wp-json\/wp\/v2\/users\/1787"}],"replies":[{"embeddable":true,"href":"https:\/\/linitiative.ca\/International\/wp-json\/wp\/v2\/comments?post=148092"}],"version-history":[{"count":0,"href":"https:\/\/linitiative.ca\/International\/wp-json\/wp\/v2\/posts\/148092\/revisions"}],"wp:attachment":[{"href":"https:\/\/linitiative.ca\/International\/wp-json\/wp\/v2\/media?parent=148092"}],"wp:term":[{"taxonomy":"category","embeddable":true,"href":"https:\/\/linitiative.ca\/International\/wp-json\/wp\/v2\/categories?post=148092"},{"taxonomy":"post_tag","embeddable":true,"href":"https:\/\/linitiative.ca\/International\/wp-json\/wp\/v2\/tags?post=148092"}],"curies":[{"name":"wp","href":"https:\/\/api.w.org\/{rel}","templated":true}]}}