{"id":148094,"date":"2022-05-19T16:32:08","date_gmt":"2022-05-19T20:32:08","guid":{"rendered":"https:\/\/linitiative.ca\/International\/aziz-akhannouch-preside-une-reunion-de-travail-sur-la-relance-du-secteur-et-la-reprise-de-la-saison-touristique\/"},"modified":"2022-05-19T16:32:08","modified_gmt":"2022-05-19T20:32:08","slug":"aziz-akhannouch-preside-une-reunion-de-travail-sur-la-relance-du-secteur-et-la-reprise-de-la-saison-touristique","status":"publish","type":"post","link":"https:\/\/linitiative.ca\/International\/aziz-akhannouch-preside-une-reunion-de-travail-sur-la-relance-du-secteur-et-la-reprise-de-la-saison-touristique\/","title":{"rendered":"Aziz Akhannouch pr\u00e9side une r\u00e9union de travail sur la relance du secteur et la reprise de la saison touristique"},"content":{"rendered":"<div><img decoding=\"async\" width=\"800\" height=\"534\" src=\"https:\/\/linitiative.ca\/International\/wp-content\/uploads\/sites\/23\/2022\/05\/WhatsApp-Image-2022-05-19-at-21.21.49-e1652992251990.jpeg\" class=\"attachment-post-thumbnail size-post-thumbnail wp-post-image\" alt=\"\" loading=\"lazy\" itemprop=\"image\">Le Chef de Gouvernement, Aziz Akhannouch a pr\u00e9sid\u00e9, jeudi 19 mai 2022 \u00e0 Rabat, une r\u00e9union consacr\u00e9e \u00e0 l\u2019examen des mesures prises pour relancer le secteur du tourisme apr\u00e8s deux ans de crise sanitaire mondiale, notamment avec l\u2019enregistrement d\u2019indicateurs positifs pouvant \u00eatre mis \u00e0 contribution pour assurer un bon lancement<\/div>\n<p>Auteur: Mehdi Ouazzani<br \/>\n<a href=\"https:\/\/www.challenge.ma\/aziz-akhannouch-preside-une-reunion-de-travail-sur-la-relance-du-secteur-touristique-et-la-reprise-de-la-saison-touristique-238990\/\">Cliquez ici pour lire l&rsquo;article depuis sa source.<\/a><\/p>\n","protected":false},"excerpt":{"rendered":"<p>Le Chef de Gouvernement, Aziz Akhannouch a pr\u00e9sid\u00e9, jeudi 19 mai 2022 \u00e0 Rabat, une r\u00e9union consacr\u00e9e \u00e0 l\u2019examen des mesures prises pour relancer le secteur du tourisme apr\u00e8s deux ans de crise sanitaire mondiale, notamment avec l\u2019enregistrement d\u2019indicateurs positifs pouvant \u00eatre mis \u00e0 contribution pour assurer un bon lancement Auteur: Mehdi Ouazzani Cliquez ici [&hellip;]<\/p>\n","protected":false},"author":1787,"featured_media":0,"comment_status":"closed","ping_status":"closed","sticky":false,"template":"","format":"standard","meta":{"fifu_image_url":"https:\/\/www.challenge.ma\/wp-content\/uploads\/2022\/05\/WhatsApp-Image-2022-05-19-at-21.21.49-e1652992251990.jpeg","fifu_image_alt":"Aziz Akhannouch pr\u00e9side une r\u00e9union de travail sur la relance du secteur et la reprise de la saison touristique","footnotes":""},"categories":[78,54],"tags":[],"class_list":["post-148094","post","type-post","status-publish","format-standard","hentry","category-economie","category-maroc"],"_links":{"self":[{"href":"https:\/\/linitiative.ca\/International\/wp-json\/wp\/v2\/posts\/148094","targetHints":{"allow":["GET"]}}],"collection":[{"href":"https:\/\/linitiative.ca\/International\/wp-json\/wp\/v2\/posts"}],"about":[{"href":"https:\/\/linitiative.ca\/International\/wp-json\/wp\/v2\/types\/post"}],"author":[{"embeddable":true,"href":"https:\/\/linitiative.ca\/International\/wp-json\/wp\/v2\/users\/1787"}],"replies":[{"embeddable":true,"href":"https:\/\/linitiative.ca\/International\/wp-json\/wp\/v2\/comments?post=148094"}],"version-history":[{"count":0,"href":"https:\/\/linitiative.ca\/International\/wp-json\/wp\/v2\/posts\/148094\/revisions"}],"wp:attachment":[{"href":"https:\/\/linitiative.ca\/International\/wp-json\/wp\/v2\/media?parent=148094"}],"wp:term":[{"taxonomy":"category","embeddable":true,"href":"https:\/\/linitiative.ca\/International\/wp-json\/wp\/v2\/categories?post=148094"},{"taxonomy":"post_tag","embeddable":true,"href":"https:\/\/linitiative.ca\/International\/wp-json\/wp\/v2\/tags?post=148094"}],"curies":[{"name":"wp","href":"https:\/\/api.w.org\/{rel}","templated":true}]}}