{"id":148096,"date":"2022-05-19T16:16:06","date_gmt":"2022-05-19T20:16:06","guid":{"rendered":"https:\/\/linitiative.ca\/International\/tunisie-bientot-un-decret-presidentiel-pour-appeler-les-tunisiens-a-participer-au-referendum\/"},"modified":"2022-05-19T16:16:06","modified_gmt":"2022-05-19T20:16:06","slug":"tunisie-bientot-un-decret-presidentiel-pour-appeler-les-tunisiens-a-participer-au-referendum","status":"publish","type":"post","link":"https:\/\/linitiative.ca\/International\/tunisie-bientot-un-decret-presidentiel-pour-appeler-les-tunisiens-a-participer-au-referendum\/","title":{"rendered":"Tunisie \u2013 Bient\u00f4t un d\u00e9cret pr\u00e9sidentiel pour appeler les tunisiens \u00e0 participer au r\u00e9f\u00e9rendum"},"content":{"rendered":"<div>\n<p>Le pr\u00e9sident de la R\u00e9publique, Ka\u00efs Sa\u00efed, a pr\u00e9sid\u00e9, ce jeudi, le conseil des ministres qui a trait\u00e9 de la pr\u00e9paration et la publication prochaine d\u2019un d\u00e9cret pr\u00e9sidentiel pour appeler les tunisiens \u00e0 voter pour r\u00e9pondre au r\u00e9f\u00e9rendum pr\u00e9vu pour le 25 juillet.<\/p>\n<p>L\u2019article <a href=\"https:\/\/www.tunisienumerique.com\/tunisie-bientot-un-decret-presidentiel-pour-appeler-les-tunisiens-a-participer-au-referendum\/\">Tunisie \u2013 Bient\u00f4t un d\u00e9cret pr\u00e9sidentiel pour appeler les tunisiens \u00e0 participer au r\u00e9f\u00e9rendum<\/a> est apparu en premier sur <a href=\"https:\/\/www.tunisienumerique.com\/\">Tunisie<\/a>.<\/p>\n<\/div>\n<p>Auteur: LM<br \/>\n<a href=\"https:\/\/www.tunisienumerique.com\/tunisie-bientot-un-decret-presidentiel-pour-appeler-les-tunisiens-a-participer-au-referendum\/\">Cliquez ici pour lire l&rsquo;article depuis sa source.<\/a><\/p>\n","protected":false},"excerpt":{"rendered":"<p>Le pr\u00e9sident de la R\u00e9publique, Ka\u00efs Sa\u00efed, a pr\u00e9sid\u00e9, ce jeudi, le conseil des ministres qui a trait\u00e9 de la pr\u00e9paration et la publication prochaine d\u2019un d\u00e9cret pr\u00e9sidentiel pour appeler les tunisiens \u00e0 voter pour r\u00e9pondre au r\u00e9f\u00e9rendum pr\u00e9vu pour le 25 juillet. L\u2019article Tunisie \u2013 Bient\u00f4t un d\u00e9cret pr\u00e9sidentiel pour appeler les tunisiens \u00e0 [&hellip;]<\/p>\n","protected":false},"author":1789,"featured_media":0,"comment_status":"closed","ping_status":"closed","sticky":false,"template":"","format":"standard","meta":{"fifu_image_url":"","fifu_image_alt":"","footnotes":""},"categories":[73,55],"tags":[],"class_list":["post-148096","post","type-post","status-publish","format-standard","hentry","category-actualite","category-tunisie"],"_links":{"self":[{"href":"https:\/\/linitiative.ca\/International\/wp-json\/wp\/v2\/posts\/148096","targetHints":{"allow":["GET"]}}],"collection":[{"href":"https:\/\/linitiative.ca\/International\/wp-json\/wp\/v2\/posts"}],"about":[{"href":"https:\/\/linitiative.ca\/International\/wp-json\/wp\/v2\/types\/post"}],"author":[{"embeddable":true,"href":"https:\/\/linitiative.ca\/International\/wp-json\/wp\/v2\/users\/1789"}],"replies":[{"embeddable":true,"href":"https:\/\/linitiative.ca\/International\/wp-json\/wp\/v2\/comments?post=148096"}],"version-history":[{"count":0,"href":"https:\/\/linitiative.ca\/International\/wp-json\/wp\/v2\/posts\/148096\/revisions"}],"wp:attachment":[{"href":"https:\/\/linitiative.ca\/International\/wp-json\/wp\/v2\/media?parent=148096"}],"wp:term":[{"taxonomy":"category","embeddable":true,"href":"https:\/\/linitiative.ca\/International\/wp-json\/wp\/v2\/categories?post=148096"},{"taxonomy":"post_tag","embeddable":true,"href":"https:\/\/linitiative.ca\/International\/wp-json\/wp\/v2\/tags?post=148096"}],"curies":[{"name":"wp","href":"https:\/\/api.w.org\/{rel}","templated":true}]}}