{"id":148118,"date":"2022-05-19T13:03:36","date_gmt":"2022-05-19T17:03:36","guid":{"rendered":"https:\/\/linitiative.ca\/International\/qualification-can-2023-le-cameroun-ne-va-plus-jouer-contre-le-kenya\/"},"modified":"2022-05-19T13:03:36","modified_gmt":"2022-05-19T17:03:36","slug":"qualification-can-2023-le-cameroun-ne-va-plus-jouer-contre-le-kenya","status":"publish","type":"post","link":"https:\/\/linitiative.ca\/International\/qualification-can-2023-le-cameroun-ne-va-plus-jouer-contre-le-kenya\/","title":{"rendered":"Qualification CAN 2023\u00a0: le Cameroun ne va plus jouer contre le Kenya"},"content":{"rendered":"<div>\n<p><img decoding=\"async\" width=\"900\" height=\"473\" src=\"https:\/\/linitiative.ca\/International\/wp-content\/uploads\/sites\/23\/2022\/05\/can-2021.jpg\" class=\"attachment-post-thumbnail size-post-thumbnail wp-post-image\" alt=\"journalducameroun.com\" loading=\"lazy\" srcset=\"https:\/\/linitiative.ca\/International\/wp-content\/uploads\/sites\/23\/2022\/05\/can-2021.jpg 900w, https:\/\/www.journalducameroun.com\/wp-content\/uploads\/2022\/01\/can-2021-300x158.jpg 300w, https:\/\/www.journalducameroun.com\/wp-content\/uploads\/2022\/01\/can-2021-768x404.jpg 768w, https:\/\/www.journalducameroun.com\/wp-content\/uploads\/2022\/01\/can-2021-837x440.jpg 837w, https:\/\/www.journalducameroun.com\/wp-content\/uploads\/2022\/01\/can-2021-600x315.jpg 600w\" sizes=\"auto, (max-width: 900px) 100vw, 900px\"><\/p>\n<h2 style=\"text-align: justify;\">Le Kenya a \u00e9t\u00e9 d\u00e9finitivement suspendu par le F\u00e9d\u00e9ration internationale de football association, (Fifa) pour des questions d\u2019ing\u00e9rence du gouvernement au sein de la f\u00e9d\u00e9ration.<\/h2>\n<p style=\"text-align: justify;\">Le match Cameroun-Kenya, initialement pr\u00e9vu pour le 4 juin, comptant pour les qualifications de la\u00a0<strong>Coupe d\u2019Afrique de nations\u00a0 <\/strong>qui se jouera en C\u00f4te d\u2019Ivoire en 2023, n\u2019aura pas lieu. La f\u00e9d\u00e9ration kenyane de football pour des questions d\u2019interf\u00e9rences de son gouvernement au sein de sa gestion a \u00e9t\u00e9 plac\u00e9e sous le coup d\u2019une sanction par la Fifa. Le Cameroun se retrouve d\u00e9sormais avec le Burundi et la Namibie dans le groupe C. O\u00f9 une seule \u00e9quipe sera qualifi\u00e9e.<\/p>\n<p style=\"text-align: justify;\">Bien que la qualification s\u2019apparente facile pour le\u00a0<strong>Cameroun<\/strong>, le Manager-S\u00e9lectionneur des Lions indomptables,\u00a0<strong>Rigobert Song<\/strong>, pense qu\u2019il n\u2019y a pas de petites nations. Pour lui, la poule reste assez ouverte. Et il renseigne que ces matchs vont permettre de mettre en place une bonne coh\u00e9sion pour pr\u00e9parer la Coupe du monde.<\/p>\n<p style=\"text-align: justify;\"><strong>Le cas kenyan<\/strong><\/p>\n<p style=\"text-align: justify;\">Selon les textes de la F\u00e9d\u00e9ration internationale de football association,\u00a0(<strong>Fifa)<\/strong>, les f\u00e9d\u00e9rations qui sont des associations de cette derni\u00e8re ne sont pas soumises \u00e0 des ing\u00e9rences du gouvernement.<\/p>\n<p style=\"text-align: justify;\">C\u2019est ainsi que le Fifa a, en f\u00e9vrier dernier, suspendu provisoirement le Kenya,\u00a0<em>\u00ab\u00a0sans pr\u00e9juger des enqu\u00eates men\u00e9es par les autorit\u00e9s nationales ou d\u2019autres instances juridictionnelles, le Conseil de la Fifa a d\u00e9cid\u00e9 de suspendre la F\u00e9d\u00e9ration Kenyane de Football (\u2026) avec effet imm\u00e9diat pour cause d\u2019influence par un tiers\u00a0\u00bb\u00a0<\/em>r\u00e9v\u00e9lait un communiqu\u00e9 de la Fifa.<\/p>\n<p style=\"text-align: justify;\">Mais, le pays avait cependant pris part au tirage au sort des qualifications pour la Can 2023. A l\u2019issue de cette derni\u00e8re, elle h\u00e9rite du groupe C avec le Cameroun en t\u00eate de poule.<\/p>\n<p style=\"text-align: justify;\">Sauf que, le pays a davantage empir\u00e9 son sort. Le gouvernement k\u00e9nyan a\u00a0\u00a0nomm\u00e9 r\u00e9cemment une \u00e9quipe de transition de 18 membres pour diriger le football k\u00e9nyan pendant une p\u00e9riode de cinq semaines. La nouvelle \u00e9quipe venait remplacer celle sortant appel\u00e9e le comit\u00e9 int\u00e9rimaire (CS), qui a expir\u00e9 le 2 mai dernier.<\/p>\n<p>Selon les m\u00e9dias kenyans, cette \u00e9volution a pratiquement scell\u00e9 l&rsquo;exclusion des\u00a0<strong>Harambe Stars<\/strong>\u00a0des \u00e9liminatoires de la\u00a0<strong>Can<\/strong>. Car, le pr\u00e9sident de la Fifa parlant \u00e0 la presse d\u00e9clara, il y a de cela quelque semaine\u00a0<em>\u00ab\u00a0ils savent ce qui doit \u00eatre fait pour que la suspension soit lev\u00e9e\u00a0\u00bb<\/em><\/p>\n<p style=\"text-align: justify;\">Et cette semaine, son cas a de nouveau \u00e9t\u00e9 \u00e9tudi\u00e9. Le Kenya a ainsi \u00e9t\u00e9 expuls\u00e9 des \u00e9liminatoires de la Coupe d&rsquo;Afrique des Nations 2023 apr\u00e8s avoir continu\u00e9 \u00e0 d\u00e9fier les instructions de la Fifa.<\/p>\n<p style=\"text-align: justify;\"><strong>Gen\u00e8se du probl\u00e8me<\/strong><\/p>\n<p style=\"text-align: justify;\">La ministre k\u00e9nyane des Sports, Amina Mohamed, a dissous la F\u00e9d\u00e9ration k\u00e9nyane de football, FKF en novembre 2021. Elle a par la suite install\u00e9 des responsables nomm\u00e9s par le gouvernement pour superviser les op\u00e9rations.<\/p>\n<p>Le pr\u00e9sident de la f\u00e9d\u00e9ration, Nick Mwendwa, a ensuite \u00e9t\u00e9 arr\u00eat\u00e9 et accus\u00e9 de d\u00e9tournement de fonds de la Fifa et du gouvernement.<\/p>\n<p style=\"text-align: justify;\">La Fifa a demand\u00e9 \u00e0 Mohamed d&rsquo;annuler sa d\u00e9cision de nommer le comit\u00e9 int\u00e9rimaire. Et elle a par ailleurs pr\u00e9cis\u00e9 que le contr\u00f4le des bureaux de la FKF est rendu \u00e0 la f\u00e9d\u00e9ration qui devrait \u00eatre dirig\u00e9e par la vice-pr\u00e9sidente de Mwendwa, Doris Petra. Chose qui n\u2019a pas eu lieu.<\/p>\n<p>En plus d&rsquo;\u00eatre aujourd\u2019hui exclu des comp\u00e9titions internationales, le\u00a0<strong>Kenya\u00a0<\/strong>est \u00e9galement exclu de toutes les activit\u00e9s nationales de d\u00e9veloppement du personnel soutenues par la Fifa pour les administrateurs, les entra\u00eeneurs et les arbitres.<\/p>\n<p style=\"text-align: justify;\">\n<p>Cet article <a rel=\"nofollow\" href=\"https:\/\/www.journalducameroun.com\/qualification-can-2023-le-cameroun-ne-va-plus-jouer-contre-le-kenya\/\">Qualification CAN 2023\u00a0: le Cameroun ne va plus jouer contre le Kenya<\/a> est apparu en premier sur <a rel=\"nofollow\" href=\"https:\/\/www.journalducameroun.com\/\">Journal du Cameroun<\/a>.<\/p>\n<\/div>\n<p>Auteur: Paul Wandji<br \/>\n<a href=\"https:\/\/www.journalducameroun.com\/qualification-can-2023-le-cameroun-ne-va-plus-jouer-contre-le-kenya\/\">Cliquez ici pour lire l&rsquo;article depuis sa source.<\/a><\/p>\n","protected":false},"excerpt":{"rendered":"<p>Le Kenya a \u00e9t\u00e9 d\u00e9finitivement suspendu par le F\u00e9d\u00e9ration internationale de football association, (Fifa) pour des questions d\u2019ing\u00e9rence du gouvernement au sein de la f\u00e9d\u00e9ration. Le match Cameroun-Kenya, initialement pr\u00e9vu pour le 4 juin, comptant pour les qualifications de la\u00a0Coupe d\u2019Afrique de nations\u00a0 qui se jouera en C\u00f4te d\u2019Ivoire en 2023, n\u2019aura pas lieu. La [&hellip;]<\/p>\n","protected":false},"author":1965,"featured_media":0,"comment_status":"closed","ping_status":"closed","sticky":false,"template":"","format":"standard","meta":{"fifu_image_url":"https:\/\/www.journalducameroun.com\/wp-content\/uploads\/2022\/01\/can-2021.jpg","fifu_image_alt":"Qualification CAN 2023\u00a0: le Cameroun ne va plus jouer contre le Kenya","footnotes":""},"categories":[73,82],"tags":[],"class_list":["post-148118","post","type-post","status-publish","format-standard","hentry","category-actualite","category-cameroun"],"_links":{"self":[{"href":"https:\/\/linitiative.ca\/International\/wp-json\/wp\/v2\/posts\/148118","targetHints":{"allow":["GET"]}}],"collection":[{"href":"https:\/\/linitiative.ca\/International\/wp-json\/wp\/v2\/posts"}],"about":[{"href":"https:\/\/linitiative.ca\/International\/wp-json\/wp\/v2\/types\/post"}],"author":[{"embeddable":true,"href":"https:\/\/linitiative.ca\/International\/wp-json\/wp\/v2\/users\/1965"}],"replies":[{"embeddable":true,"href":"https:\/\/linitiative.ca\/International\/wp-json\/wp\/v2\/comments?post=148118"}],"version-history":[{"count":0,"href":"https:\/\/linitiative.ca\/International\/wp-json\/wp\/v2\/posts\/148118\/revisions"}],"wp:attachment":[{"href":"https:\/\/linitiative.ca\/International\/wp-json\/wp\/v2\/media?parent=148118"}],"wp:term":[{"taxonomy":"category","embeddable":true,"href":"https:\/\/linitiative.ca\/International\/wp-json\/wp\/v2\/categories?post=148118"},{"taxonomy":"post_tag","embeddable":true,"href":"https:\/\/linitiative.ca\/International\/wp-json\/wp\/v2\/tags?post=148118"}],"curies":[{"name":"wp","href":"https:\/\/api.w.org\/{rel}","templated":true}]}}