{"id":148128,"date":"2022-05-19T10:25:00","date_gmt":"2022-05-19T14:25:00","guid":{"rendered":"https:\/\/linitiative.ca\/International\/crise-securitaire-a-lextreme-nord-locha-alerte-sur-une-surpopulation-dans-la-ville-de-mokolo\/"},"modified":"2022-05-19T10:25:00","modified_gmt":"2022-05-19T14:25:00","slug":"crise-securitaire-a-lextreme-nord-locha-alerte-sur-une-surpopulation-dans-la-ville-de-mokolo","status":"publish","type":"post","link":"https:\/\/linitiative.ca\/International\/crise-securitaire-a-lextreme-nord-locha-alerte-sur-une-surpopulation-dans-la-ville-de-mokolo\/","title":{"rendered":"Crise s\u00e9curitaire \u00e0 l\u2019Extr\u00eame-Nord\u00a0: l\u2019OCHA alerte sur une surpopulation dans la ville de Mokolo"},"content":{"rendered":"<div>\n<p>Dans une note rendue publique par le bureau de coordination des affaires humanitaires des Nations Unies (de son acronyme anglais Ocha) en d\u00e9but du mois de mai 2022, une centaine de personnes se seraient de nouveaux d\u00e9plac\u00e9s de Zamalda \u00e0 Mokolo, dans le d\u00e9partement du Mayo-Tsanaga, r\u00e9gion de l\u2019Extr\u00eame Nord. A en croire le bureau, \u00ab le 1er mai, les attaques r\u00e9p\u00e9t\u00e9es des groupes arm\u00e9s non \u00e9tatiques et le conflit intercommunautaire ont contraint 108 personnes \u00e0 se d\u00e9placer de Zamalda \u00e0 Mokolo. \u00bb La secte nig\u00e9riane intensifie ses attaques dans des localit\u00e9s de la r\u00e9gion qui abrite environ 297 000 personnes d\u00e9plac\u00e9es internes du fait essentiellement des attaques r\u00e9p\u00e9t\u00e9es des islamistes.<\/p>\n<p><strong>Lire aussi : <a href=\"https:\/\/ecomatin.net\/extreme-nord-les-consommateurs-s-se-plaignent-de-la-hausse-des-prix-des-cereales\/\" target=\"_blank\" rel=\"noreferrer noopener\">Extr\u00eame-nord\u00a0: les consommateurs se plaignent de la hausse des prix des c\u00e9r\u00e9ales<\/a><\/strong><\/p>\n<p>De ce fait, note-t-on que ces d\u00e9plac\u00e9s internes install\u00e9s dans cette cit\u00e9 \u00e0 proximit\u00e9 de la fronti\u00e8re avec le Nigeria, au pied des Monts Mandara, survivent dans des conditions de surpeuplement et sont expos\u00e9s \u00e0 la pluie. Selon cette agence humanitaire, la surpopulation est due au d\u00e9placement brutal, d\u2019o\u00f9 l\u2019urgence signal\u00e9e sur le plan alimentaire, ainsi qu\u2019un besoin signal\u00e9 d\u2019infrastructures de logement et d\u2019articles m\u00e9nagers. Pour venir en aide aux familles, \u00ab les organisations humanitaires se mobilisent pour fournir une aide essentielle \u00bb pr\u00e9cise l\u2019Ocha.<\/p>\n<p><strong>Lire aussi : <a href=\"https:\/\/ecomatin.net\/extreme-nord-la-chenille-legionnaire-detruit-15-500-hectares-de-sorgho\/\" target=\"_blank\" rel=\"noreferrer noopener\">Extr\u00eame-nord : la chenille l\u00e9gionnaire d\u00e9truit 15 500 hectares de sorgho<\/a><\/strong><\/p>\n<p>Au sujet des actions men\u00e9es pour venir en aide aux populations affect\u00e9es par l\u2019ins\u00e9curit\u00e9 alimentaire, l\u2019on a en m\u00e9moire le financement de 100 millions de dollars, soit 62,404 milliards de FCFA approuv\u00e9 le 2 mai dernier, par la Banque mondiale en faveur du Cameroun. Dans le d\u00e9tail, cette action cible plus de 400 000 camerounais en situation d\u2019ins\u00e9curit\u00e9 alimentaire et touch\u00e9s par les crises internes dans les r\u00e9gions de l\u2019Extr\u00eame-Nord, du Nord, du Nord-Ouest, du Sud-Ouest, de l\u2019Adamaoua et de l\u2019Est.<\/p>\n<p><strong>Lire aussi : <a href=\"https:\/\/ecomatin.net\/extreme-nord-4195-milliards-de-fcfa-pour-la-reconstruction-du-pont-palar\/\" target=\"_blank\" rel=\"noreferrer noopener\">Extr\u00eame-Nord : 4,195 milliards de Fcfa pour la reconstruction du pont Palar<\/a><\/strong><\/p>\n<p>Mentionnons ici que la commune de Mokolo est l\u2019une des plus vastes communes de l\u2019extr\u00eame- Nord avec une superficie de 1650 km2. En 2019, la population est estim\u00e9e \u00e0 310.000 habitants dans 16 villages, soit une densit\u00e9 de la population de 188 habitants\/ km2 et un taux d\u2019accroissement annuel estim\u00e9 \u00e0 3%.<\/p>\n<p>L\u2019article <a rel=\"nofollow\" href=\"https:\/\/ecomatin.net\/crise-securitaire-a-lextreme-nord-locha-alerte-sur-une-surpopulation-dans-la-ville-de-mokolo\/\">Crise s\u00e9curitaire \u00e0 l\u2019Extr\u00eame-Nord\u00a0: l\u2019OCHA alerte sur une surpopulation dans la ville de Mokolo<\/a> est apparu en premier sur <a rel=\"nofollow\" href=\"https:\/\/ecomatin.net\/\">EcoMatin<\/a>.<\/p>\n<\/div>\n<p>Auteur: Mairamou Abdou<br \/>\n<a href=\"https:\/\/ecomatin.net\/crise-securitaire-a-lextreme-nord-locha-alerte-sur-une-surpopulation-dans-la-ville-de-mokolo\/\">Cliquez ici pour lire l&rsquo;article depuis sa source.<\/a><\/p>\n","protected":false},"excerpt":{"rendered":"<p>Dans une note rendue publique par le bureau de coordination des affaires humanitaires des Nations Unies (de son acronyme anglais Ocha) en d\u00e9but du mois de mai 2022, une centaine de personnes se seraient de nouveaux d\u00e9plac\u00e9s de Zamalda \u00e0 Mokolo, dans le d\u00e9partement du Mayo-Tsanaga, r\u00e9gion de l\u2019Extr\u00eame Nord. A en croire le bureau, [&hellip;]<\/p>\n","protected":false},"author":1969,"featured_media":0,"comment_status":"closed","ping_status":"closed","sticky":false,"template":"","format":"standard","meta":{"fifu_image_url":"","fifu_image_alt":"","footnotes":""},"categories":[82,78],"tags":[],"class_list":["post-148128","post","type-post","status-publish","format-standard","hentry","category-cameroun","category-economie"],"_links":{"self":[{"href":"https:\/\/linitiative.ca\/International\/wp-json\/wp\/v2\/posts\/148128","targetHints":{"allow":["GET"]}}],"collection":[{"href":"https:\/\/linitiative.ca\/International\/wp-json\/wp\/v2\/posts"}],"about":[{"href":"https:\/\/linitiative.ca\/International\/wp-json\/wp\/v2\/types\/post"}],"author":[{"embeddable":true,"href":"https:\/\/linitiative.ca\/International\/wp-json\/wp\/v2\/users\/1969"}],"replies":[{"embeddable":true,"href":"https:\/\/linitiative.ca\/International\/wp-json\/wp\/v2\/comments?post=148128"}],"version-history":[{"count":0,"href":"https:\/\/linitiative.ca\/International\/wp-json\/wp\/v2\/posts\/148128\/revisions"}],"wp:attachment":[{"href":"https:\/\/linitiative.ca\/International\/wp-json\/wp\/v2\/media?parent=148128"}],"wp:term":[{"taxonomy":"category","embeddable":true,"href":"https:\/\/linitiative.ca\/International\/wp-json\/wp\/v2\/categories?post=148128"},{"taxonomy":"post_tag","embeddable":true,"href":"https:\/\/linitiative.ca\/International\/wp-json\/wp\/v2\/tags?post=148128"}],"curies":[{"name":"wp","href":"https:\/\/api.w.org\/{rel}","templated":true}]}}