{"id":148129,"date":"2022-05-19T10:35:41","date_gmt":"2022-05-19T14:35:41","guid":{"rendered":"https:\/\/linitiative.ca\/International\/universite-panafricaine-pres-de-9-milliards-pour-la-construction-du-siege-du-rectorat\/"},"modified":"2022-05-19T10:35:41","modified_gmt":"2022-05-19T14:35:41","slug":"universite-panafricaine-pres-de-9-milliards-pour-la-construction-du-siege-du-rectorat","status":"publish","type":"post","link":"https:\/\/linitiative.ca\/International\/universite-panafricaine-pres-de-9-milliards-pour-la-construction-du-siege-du-rectorat\/","title":{"rendered":"Universit\u00e9 panafricaine\u00a0: pr\u00e8s de 9 milliards pour la construction du si\u00e8ge du rectorat"},"content":{"rendered":"<div>\n<p>La construction du rectorat de l\u2019universit\u00e9 panafricaine de Yaound\u00e9 (UPY) est la r\u00e9sultante de l\u2019accord de si\u00e8ge sign\u00e9 le 5 avril 2018 \u00e0 Yaound\u00e9, entre l\u2019Union Africaine et le gouvernement camerounais, repr\u00e9sent\u00e9 par le ministre des Relations Ext\u00e9rieures (Minrex). Les clauses de cette convention font \u00e9tat d\u2019une enveloppe de pr\u00e8s de 8,9 milliards de Fcfa toutes taxes comprises pour la mise en \u0153uvre de ce complexe architectural.<\/p>\n<p>Dans le but de s\u2019approprier l\u2019\u00e9volution des travaux, le ministre de l\u2019Enseignement Sup\u00e9rieur Jacques Fame Ndongo et le Commissaire de l\u2019Union Africaine (UA) en charge de l\u2019\u00e9ducation, des sciences et technologies et de l\u2019innovation Mohamed Belhocine se sont rendus le 13 mai 2022, sur le site du nouveau si\u00e8ge du rectorat de l\u2019UPY. Situ\u00e9 au lieu-dit Nkolmefou, sur la route de l\u2019a\u00e9roport international de Yaound\u00e9-Nsimalen, le si\u00e8ge du rectorat de l\u2019universit\u00e9 panafricaine de Yaound\u00e9 est constitu\u00e9 de sept niveaux dont un sous-sol, un rez-de- chauss\u00e9e et cinq \u00e9tages.<\/p>\n<p>Pour ce qui est de l\u2019aspect technique, le chef d\u2019\u0153uvre sera haut de 28 m\u00e8tres (m) avec une emprise de 2825 m\u00e8tres carr\u00e9s (m2). En plus, note-t-on que l\u2019am\u00e9nagement de 120 bureaux destin\u00e9s entre autre au conseil d\u2019Administration de l\u2019universit\u00e9, au S\u00e9nat, aux trois vice-recteurs, au Secr\u00e9taire g\u00e9n\u00e9ral, et \u00e0 l\u2019universit\u00e9 panafricaine virtuelle qui permettra aux \u00e9tudiants de tout le continent de s\u2019instruire et de pouvoir suivre les cours sans \u00eatre oblig\u00e9s de se d\u00e9placer.<\/p>\n<p>A date, le taux d\u2019ex\u00e9cution des travaux du rectorat de l\u2019universit\u00e9 panafricaine s\u2019\u00e9l\u00e8ve \u00e0 pr\u00e8s de 24%. Les travaux du sous \u2013 sol, et ceux du rez-de-chauss\u00e9e au premier \u00e9tage et au plancher du deuxi\u00e8me \u00e9tage consid\u00e9r\u00e9 comme plus \u00ab gros \u0153uvre \u00bb sur le site ont d\u2019ores et d\u00e9j\u00e0 \u00e9t\u00e9 r\u00e9alis\u00e9s.<\/p>\n<p><strong>Servir l\u2019Afrique<\/strong><\/p>\n<p>L\u2019institut de gouvernance, des sciences humaines et sociales (Paughss) de l\u2019Universit\u00e9 panafricaine log\u00e9e \u00e0 l\u2019universit\u00e9 Yaound\u00e9 II de Soa est l\u2019un des cinq p\u00f4les de l\u2019Universit\u00e9 panafricaine mise sur pied d\u00e8s 2012 \u00e0 l\u2019initiative des chefs d\u2019Etat et de gouvernement membres de l\u2019UA. \u00c0 l\u2019Institut, les \u00e9tudiants apprennent pour servir l\u2019Afrique, contribuer \u00e0 l\u2019\u00e9dification du continent africain comme le stipule l\u2019Agenda 2063 de l\u2019UA : \u00ab Une Afrique int\u00e9gr\u00e9e, prosp\u00e8re et en paix, dirig\u00e9e par ses propres citoyens et repr\u00e9sentant une force dynamique sur la sc\u00e8ne mondiale \u00bb.<\/p>\n<p>Au Cameroun, le Paughss a deux programmes : le volet gouvernance et int\u00e9gration r\u00e9gionale, bas\u00e9 \u00e0 Yaound\u00e9, et, le p\u00f4le traduction et interpr\u00e9tation, h\u00e9berg\u00e9 \u00e0 l\u2019universit\u00e9 de Buea, dans la r\u00e9gion du Sud-Ouest. Cet institut forme des \u00e9tudiants de divers pays d\u2019Afrique s\u00e9lectionn\u00e9s sur la base de leurs r\u00e9sultats scolaires tout en tenant compte des questions de genre et des candidats souffrant de handicaps physiques. Les cours sont dispens\u00e9s en anglais et en fran\u00e7ais. 20 % des \u00e9tudiants sont camerounais et les enseignants viennent des universit\u00e9s camerounaises, des pays africains et de la diaspora.<\/p>\n<p>L\u2019article <a rel=\"nofollow\" href=\"https:\/\/ecomatin.net\/universite-panafricaine-pres-de-9-milliards-pour-r-la-construction-du-siege-du-rectorat\/\">Universit\u00e9 panafricaine\u00a0: pr\u00e8s de 9 milliards pour la construction du si\u00e8ge du rectorat<\/a> est apparu en premier sur <a rel=\"nofollow\" href=\"https:\/\/ecomatin.net\/\">EcoMatin<\/a>.<\/p>\n<\/div>\n<p>Auteur: Mairamou Abdou<br \/>\n<a href=\"https:\/\/ecomatin.net\/universite-panafricaine-pres-de-9-milliards-pour-r-la-construction-du-siege-du-rectorat\/\">Cliquez ici pour lire l&rsquo;article depuis sa source.<\/a><\/p>\n","protected":false},"excerpt":{"rendered":"<p>La construction du rectorat de l\u2019universit\u00e9 panafricaine de Yaound\u00e9 (UPY) est la r\u00e9sultante de l\u2019accord de si\u00e8ge sign\u00e9 le 5 avril 2018 \u00e0 Yaound\u00e9, entre l\u2019Union Africaine et le gouvernement camerounais, repr\u00e9sent\u00e9 par le ministre des Relations Ext\u00e9rieures (Minrex). Les clauses de cette convention font \u00e9tat d\u2019une enveloppe de pr\u00e8s de 8,9 milliards de Fcfa [&hellip;]<\/p>\n","protected":false},"author":1969,"featured_media":0,"comment_status":"closed","ping_status":"closed","sticky":false,"template":"","format":"standard","meta":{"fifu_image_url":"","fifu_image_alt":"","footnotes":""},"categories":[82,78],"tags":[],"class_list":["post-148129","post","type-post","status-publish","format-standard","hentry","category-cameroun","category-economie"],"_links":{"self":[{"href":"https:\/\/linitiative.ca\/International\/wp-json\/wp\/v2\/posts\/148129","targetHints":{"allow":["GET"]}}],"collection":[{"href":"https:\/\/linitiative.ca\/International\/wp-json\/wp\/v2\/posts"}],"about":[{"href":"https:\/\/linitiative.ca\/International\/wp-json\/wp\/v2\/types\/post"}],"author":[{"embeddable":true,"href":"https:\/\/linitiative.ca\/International\/wp-json\/wp\/v2\/users\/1969"}],"replies":[{"embeddable":true,"href":"https:\/\/linitiative.ca\/International\/wp-json\/wp\/v2\/comments?post=148129"}],"version-history":[{"count":0,"href":"https:\/\/linitiative.ca\/International\/wp-json\/wp\/v2\/posts\/148129\/revisions"}],"wp:attachment":[{"href":"https:\/\/linitiative.ca\/International\/wp-json\/wp\/v2\/media?parent=148129"}],"wp:term":[{"taxonomy":"category","embeddable":true,"href":"https:\/\/linitiative.ca\/International\/wp-json\/wp\/v2\/categories?post=148129"},{"taxonomy":"post_tag","embeddable":true,"href":"https:\/\/linitiative.ca\/International\/wp-json\/wp\/v2\/tags?post=148129"}],"curies":[{"name":"wp","href":"https:\/\/api.w.org\/{rel}","templated":true}]}}