{"id":148139,"date":"2022-05-20T09:00:00","date_gmt":"2022-05-20T13:00:00","guid":{"rendered":"https:\/\/linitiative.ca\/International\/embellissement-et-entretien-des-espaces-publics-nettoyage-des-plages-al-hoceima-se-prepare-pour-lete\/"},"modified":"2022-05-20T09:00:00","modified_gmt":"2022-05-20T13:00:00","slug":"embellissement-et-entretien-des-espaces-publics-nettoyage-des-plages-al-hoceima-se-prepare-pour-lete","status":"publish","type":"post","link":"https:\/\/linitiative.ca\/International\/embellissement-et-entretien-des-espaces-publics-nettoyage-des-plages-al-hoceima-se-prepare-pour-lete\/","title":{"rendered":"Embellissement et entretien des espaces publics, nettoyage des plages\u2026 Al Hoceima se pr\u00e9pare pour l\u2019\u00e9t\u00e9"},"content":{"rendered":"<div>\n<p><img decoding=\"async\" width=\"300\" height=\"153\" src=\"https:\/\/linitiative.ca\/International\/wp-content\/uploads\/sites\/23\/2022\/05\/Al-Hoceima-300x153-1.jpg\" class=\"attachment-medium size-medium wp-post-image\" alt=\"\" loading=\"lazy\" srcset=\"https:\/\/linitiative.ca\/International\/wp-content\/uploads\/sites\/23\/2022\/05\/Al-Hoceima-300x153-1.jpg 300w, https:\/\/aujourdhui.ma\/wp-content\/uploads\/2022\/05\/Al-Hoceima-274x140.jpg 274w, https:\/\/aujourdhui.ma\/wp-content\/uploads\/2022\/05\/Al-Hoceima.jpg 746w, https:\/\/aujourdhui.ma\/wp-content\/uploads\/2022\/05\/Al-Hoceima-165x84.jpg 165w, https:\/\/aujourdhui.ma\/wp-content\/uploads\/2022\/05\/Al-Hoceima-702x358.jpg 702w\" sizes=\"auto, (max-width: 300px) 100vw, 300px\"><\/p>\n<p><span style=\"font-size: 20px; color: #800000;\"><strong>A l\u2019instar des autres villes c\u00f4ti\u00e8res au Maroc, la perle de la M\u00e9diterran\u00e9e vient de conna\u00eetre le lancement des pr\u00e9paratifs pour la saison estivale, permettant au secteur du tourisme de se redresser, apr\u00e8s deux ann\u00e9es perturb\u00e9es par la pand\u00e9mie de Covid-19.<\/strong> <\/span><span id=\"more-408367\"><\/span><\/p>\n<p>Ainsi et parmi les lieux de forte affluence en \u00e9t\u00e9, les plages d\u2019Al Hoceima ont b\u00e9n\u00e9fici\u00e9 des op\u00e9rations de nettoyage et d\u2019entretien afin de pouvoir r\u00e9pondre aux attentes de la population locale et des visiteurs de la ville. Les agents communaux ont proc\u00e9d\u00e9 par la m\u00eame occasion au curage des r\u00e9seaux d\u2019assainissement dans les diff\u00e9rentes rues et avenues de la ville ainsi qu\u2019\u00e0 l\u2019entr\u00e9e des deux c\u00e9l\u00e8bres plages de Quemado et Cala Bonita et tout au long de la corniche Sabadia.<\/p>\n<p><span style=\"color: #ff0000;\"><strong>Am\u00e9liorer l\u2019attractivit\u00e9 de la ville aupr\u00e8s des estivants<\/strong><\/span><\/p>\n<p>Al Hoceima conna\u00eet aussi \u00e0 l\u2019approche de l\u2019\u00e9t\u00e9 des travaux d\u2019embellissement et d\u2019entretien de ses espaces verts, et ce \u00e0 travers l\u2019\u00e9lagage des arbres et l\u2019enl\u00e8vement des sables des herbes mortes. Et dans le cadre de l\u2019op\u00e9ration de nettoyage et de propret\u00e9 des espaces publics, la mairie a annonc\u00e9 sur son site web que la ville pr\u00e9servera les deux couleurs bleu et blanc des fa\u00e7ades des b\u00e2timents de la perle de la M\u00e9diterran\u00e9e, connue par sa vocation touristique baln\u00e9aire par excellence.<br \/>\nIl s\u2019agit \u00e9galement de renforcer les performances de l\u2019\u00e9clairage public sur les zones c\u00f4ti\u00e8res et les autres quartiers de la ville. L\u2019objectif \u00e9tant bien \u00e9videmment d\u2019am\u00e9liorer l\u2019attractivit\u00e9 de la ville aupr\u00e8s des visiteurs nationaux et internationaux de la ville.<\/p>\n<p><span style=\"color: #ff0000;\"><strong>En attendant les premi\u00e8res r\u00e9servations\u2026<\/strong><\/span><\/p>\n<p>Ces travaux d\u2019embellissement et d\u2019entretien sont salu\u00e9s par les professionnels du tourisme et les repr\u00e9sentants des autres secteurs. La ville continue pour le moment de miser sur le tourisme interne en ces temps de reprise de leurs activit\u00e9s. Les touristes internationaux se font toujours rares dans les lieux les plus anim\u00e9s de la ville. Dans ce sens, les professionnels ainsi que les commer\u00e7ants et les artisans se pr\u00e9parent pour r\u00e9pondre aux besoins de leurs client\u00e8les \u00e0 leur t\u00eate les nationaux et les MRE. Surtout que comme c\u2019est le cas pour les autres destinations baln\u00e9aires du Nord, dont Tanger, Asilah, M\u2019diq-Fnideq et les zones c\u00f4ti\u00e8res de T\u00e9touan, la perle de la M\u00e9diterran\u00e9e se distingue par ses belles plages sur son territoire urbain ou sur son arri\u00e8re-pays. Parmi lesquelles il y lieu de citer Quemado, Tala Youssef, Bad\u00e8s ou encore Sfiha qui sont les plus pl\u00e9biscit\u00e9es par les familles marocaines en \u00e9t\u00e9. Il en r\u00e9sulte une forte affluence pendant la saison estivale des touristes nationaux dans la province. Ainsi, 60% de l\u2019ensemble des nuit\u00e9es dans cette province sont r\u00e9alis\u00e9es par les nationaux.<\/p>\n<\/div>\n<p>Auteur: Najat Fa\u00efssal<br \/>\n<a href=\"https:\/\/aujourdhui.ma\/economie\/embellissement-et-entretien-des-espaces-publics-nettoyage-des-plages-al-hoceima-se-prepare-pour-lete\">Cliquez ici pour lire l&rsquo;article depuis sa source.<\/a><\/p>\n","protected":false},"excerpt":{"rendered":"<p>A l\u2019instar des autres villes c\u00f4ti\u00e8res au Maroc, la perle de la M\u00e9diterran\u00e9e vient de conna\u00eetre le lancement des pr\u00e9paratifs pour la saison estivale, permettant au secteur du tourisme de se redresser, apr\u00e8s deux ann\u00e9es perturb\u00e9es par la pand\u00e9mie de Covid-19. Ainsi et parmi les lieux de forte affluence en \u00e9t\u00e9, les plages d\u2019Al Hoceima [&hellip;]<\/p>\n","protected":false},"author":1759,"featured_media":0,"comment_status":"closed","ping_status":"closed","sticky":false,"template":"","format":"standard","meta":{"fifu_image_url":"https:\/\/aujourdhui.ma\/wp-content\/uploads\/2022\/05\/Al-Hoceima-300x153.jpg","fifu_image_alt":"Embellissement et entretien des espaces publics, nettoyage des plages\u2026 Al Hoceima se pr\u00e9pare pour l\u2019\u00e9t\u00e9","footnotes":""},"categories":[73,54],"tags":[],"class_list":["post-148139","post","type-post","status-publish","format-standard","hentry","category-actualite","category-maroc"],"_links":{"self":[{"href":"https:\/\/linitiative.ca\/International\/wp-json\/wp\/v2\/posts\/148139","targetHints":{"allow":["GET"]}}],"collection":[{"href":"https:\/\/linitiative.ca\/International\/wp-json\/wp\/v2\/posts"}],"about":[{"href":"https:\/\/linitiative.ca\/International\/wp-json\/wp\/v2\/types\/post"}],"author":[{"embeddable":true,"href":"https:\/\/linitiative.ca\/International\/wp-json\/wp\/v2\/users\/1759"}],"replies":[{"embeddable":true,"href":"https:\/\/linitiative.ca\/International\/wp-json\/wp\/v2\/comments?post=148139"}],"version-history":[{"count":0,"href":"https:\/\/linitiative.ca\/International\/wp-json\/wp\/v2\/posts\/148139\/revisions"}],"wp:attachment":[{"href":"https:\/\/linitiative.ca\/International\/wp-json\/wp\/v2\/media?parent=148139"}],"wp:term":[{"taxonomy":"category","embeddable":true,"href":"https:\/\/linitiative.ca\/International\/wp-json\/wp\/v2\/categories?post=148139"},{"taxonomy":"post_tag","embeddable":true,"href":"https:\/\/linitiative.ca\/International\/wp-json\/wp\/v2\/tags?post=148139"}],"curies":[{"name":"wp","href":"https:\/\/api.w.org\/{rel}","templated":true}]}}