{"id":148141,"date":"2022-05-20T09:30:04","date_gmt":"2022-05-20T13:30:04","guid":{"rendered":"https:\/\/linitiative.ca\/International\/zahir-zahra-le-carrefour-noun-niswa-met-en-lumiere-les-performances-de-la-femme-roudanaise\/"},"modified":"2022-05-20T09:30:04","modified_gmt":"2022-05-20T13:30:04","slug":"zahir-zahra-le-carrefour-noun-niswa-met-en-lumiere-les-performances-de-la-femme-roudanaise","status":"publish","type":"post","link":"https:\/\/linitiative.ca\/International\/zahir-zahra-le-carrefour-noun-niswa-met-en-lumiere-les-performances-de-la-femme-roudanaise\/","title":{"rendered":"Zahir Zahra: \u00abLe carrefour Noun Niswa met en lumi\u00e8re les performances de la femme roudanaise\u00bb"},"content":{"rendered":"<div>\n<p><img decoding=\"async\" width=\"300\" height=\"153\" src=\"https:\/\/linitiative.ca\/International\/wp-content\/uploads\/sites\/23\/2022\/05\/Entretien-avec-Zahir-Zahra-Presidente-de-lAssociation-Noun-Niswa-2-300x153-1.png\" class=\"attachment-medium size-medium wp-post-image\" alt=\"\" loading=\"lazy\" srcset=\"https:\/\/linitiative.ca\/International\/wp-content\/uploads\/sites\/23\/2022\/05\/Entretien-avec-Zahir-Zahra-Presidente-de-lAssociation-Noun-Niswa-2-300x153-1.png 300w, https:\/\/aujourdhui.ma\/wp-content\/uploads\/2022\/05\/Entretien-avec-Zahir-Zahra-Presidente-de-lAssociation-Noun-Niswa-2-274x140.png 274w, https:\/\/aujourdhui.ma\/wp-content\/uploads\/2022\/05\/Entretien-avec-Zahir-Zahra-Presidente-de-lAssociation-Noun-Niswa-2.png 746w, https:\/\/aujourdhui.ma\/wp-content\/uploads\/2022\/05\/Entretien-avec-Zahir-Zahra-Presidente-de-lAssociation-Noun-Niswa-2-165x84.png 165w, https:\/\/aujourdhui.ma\/wp-content\/uploads\/2022\/05\/Entretien-avec-Zahir-Zahra-Presidente-de-lAssociation-Noun-Niswa-2-702x358.png 702w\" sizes=\"auto, (max-width: 300px) 100vw, 300px\"><\/p>\n<p><span style=\"color: #800000;\"><strong>Entretien avec Zahir Zahra Pr\u00e9sidente de l\u2019Association Noun Niswa<\/strong><\/span><span id=\"more-408364\"><\/span><\/p>\n<div class=\"base-box mom_box_sc_custom mom_box_sc clear\" style=\"-moz-border-radius: 5px; border-radius: 5px;background-color:#eeedeb;\">\n\t\tSelon Zahir Zahra, la deuxi\u00e8me \u00e9dition du carrefour Noun Niswa qui se tient du 8 au 22 mai \u00e0 Taroudant offre un espace propice \u00e0 la femme roudanaise pour d\u00e9voiler ses talents dans diff\u00e9rents domaines. <\/div>\n<p><span style=\"color: #ff0000;\"><strong><span style=\"color: #333333;\">ALM<\/span> : En quoi consiste le programme de votre carrefour qui se d\u00e9roule \u00e0 Taroudant ?<\/strong><\/span><br \/>\n<strong>Zahir Zahr<\/strong>a\u00a0: Le programme de la deuxi\u00e8me \u00e9dition de notre carrefour qui se tient \u00e0 Taroudant du 8 au 22 mai est riche et vari\u00e9 avec au menu une s\u00e9rie d\u2019activit\u00e9s concoct\u00e9es par les militantes de notre association pour mettre en \u0153uvre les potentialit\u00e9s, le savoir-faire et le savoir-\u00eatre de la femme roudanaise qui a su se d\u00e9marquer dans les diff\u00e9rents domaines gr\u00e2ce \u00e0 sa comp\u00e9tence, sa pers\u00e9v\u00e9rance et sa d\u00e9termination. Ainsi cette rencontre assure un espace propice pour pr\u00e9senter au public et aux visiteurs de Taroudant de nombreux produits qui d\u00e9montrent l\u2019ing\u00e9niosit\u00e9 de la femme roudanaise.<\/p>\n<p><span style=\"color: #ff0000;\"><strong>Quels sont les moments forts de cette rencontre ?<\/strong><\/span><br \/>\nCette \u00e9dition organis\u00e9e par l\u2019Association Noun Niswa en partenariat avec la Direction provinciale de la culture et les Conseils communal et provincial a connu l\u2019organisation d\u2019un expos\u00e9 des produits du terroir, des conf\u00e9rences th\u00e9matiques et rencontres culturelles, une foire de l\u2019artisanat local, un expos\u00e9 d\u2019arts plastiques, des soir\u00e9es artistiques et des ateliers de formation au profit de la femme locale pour renforcer ses capacit\u00e9s dans diff\u00e9rents secteurs d\u2019activit\u00e9, ainsi que des s\u00e9ances de sensibilisation au cancer du sein. A cela s\u2019ajoute l\u2019hommage rendu \u00e0 plusieurs figures f\u00e9minines locales et qui sont des exemples \u00e0 suivre.<\/p>\n<p><span style=\"color: #ff0000;\"><strong>Quelle est la valeur ajout\u00e9e de ce carrefour pour l\u2019animation de la sc\u00e8ne culturelle \u00e0 Taroudant ?<\/strong><\/span><br \/>\nL\u2019organisation de ce carrefour \u00e0 Bab Zerkane, l\u2019un des endroits historiques de Taroudant, vient au moment opportun, dans la mesure o\u00f9 il contribue \u00e0 l\u2019animation culturelle de cette ville. Elle vient aussi pour mettre en valeur la femme qui se sent compl\u00e8tement marginalis\u00e9e. Ainsi notre \u00e9v\u00e8nement lui assure un espace convenable pour exposer ses produits et s\u2019imposer en tant que partenaire incontournable dans le processus de d\u00e9veloppement local. D\u2019ailleurs, le programme de cette \u00e9dition est marqu\u00e9 par la participation de nombreuses femmes en dehors de la province de Taroudant qui vont partager leurs exp\u00e9riences avec la femme roudanaise.<\/p>\n<p><span style=\"color: #ff0000;\"><strong>Quel est le th\u00e8me de cette \u00e9dition ?<\/strong><\/span><br \/>\nPour cette \u00e9dition on a choisi comme th\u00e8me \u00abNotre histoire, notre civilisation, notre culture, notre cr\u00e9ativit\u00e9\u00a0: une v\u00e9ritable lumi\u00e8re \u00e9tincelante\u00bb. Il r\u00e9sume \u00e0 lui seul le contenu riche de ce carrefour r\u00e9ussi et qui vient pour valoriser le patrimoine roudanais et mettre en lumi\u00e8re toutes les composantes de celui-ci, en l\u2019occurrence le volet anim\u00e9 par la femme.<\/p>\n<p><span style=\"color: #ff0000;\"><strong>Quels sont les projets futurs de votre association ?<\/strong><\/span><br \/>\nNous avons un projet tr\u00e8s ambitieux qui vise \u00e0 impliquer davantage toutes les femmes de la ville dans l\u2019animation de la sc\u00e8ne locale \u00e0 tous les niveaux. Nous aspirons aussi \u00e0 faire de ce carrefour l\u2019un des grands rendez-vous culturels \u00e0 l\u2019\u00e9chelle r\u00e9gionale, nationale et pourquoi pas internationale.<\/p>\n<p><a href=\"https:\/\/linitiative.ca\/International\/wp-content\/uploads\/sites\/23\/2022\/05\/Entretien-avec-Zahir-Zahra-Presidente-de-lAssociation-Noun-Niswa.png\"><img loading=\"lazy\" decoding=\"async\" class=\"alignnone size-full wp-image-408368\" src=\"https:\/\/linitiative.ca\/International\/wp-content\/uploads\/sites\/23\/2022\/05\/Entretien-avec-Zahir-Zahra-Presidente-de-lAssociation-Noun-Niswa.png\" alt=\"\" width=\"746\" height=\"380\" srcset=\"https:\/\/linitiative.ca\/International\/wp-content\/uploads\/sites\/23\/2022\/05\/Entretien-avec-Zahir-Zahra-Presidente-de-lAssociation-Noun-Niswa.png 746w, https:\/\/aujourdhui.ma\/wp-content\/uploads\/2022\/05\/Entretien-avec-Zahir-Zahra-Presidente-de-lAssociation-Noun-Niswa-300x153.png 300w, https:\/\/aujourdhui.ma\/wp-content\/uploads\/2022\/05\/Entretien-avec-Zahir-Zahra-Presidente-de-lAssociation-Noun-Niswa-274x140.png 274w, https:\/\/aujourdhui.ma\/wp-content\/uploads\/2022\/05\/Entretien-avec-Zahir-Zahra-Presidente-de-lAssociation-Noun-Niswa-165x84.png 165w, https:\/\/aujourdhui.ma\/wp-content\/uploads\/2022\/05\/Entretien-avec-Zahir-Zahra-Presidente-de-lAssociation-Noun-Niswa-702x358.png 702w\" sizes=\"auto, (max-width: 746px) 100vw, 746px\"><\/a><\/p>\n<\/div>\n<p>Auteur: Mohamed Laabid<br \/>\n<a href=\"https:\/\/aujourdhui.ma\/culture\/zahir-zahra-le-carrefour-noun-niswa-met-en-lumiere-les-performances-de-la-femme-roudanaise\">Cliquez ici pour lire l&rsquo;article depuis sa source.<\/a><\/p>\n","protected":false},"excerpt":{"rendered":"<p>Entretien avec Zahir Zahra Pr\u00e9sidente de l\u2019Association Noun Niswa Selon Zahir Zahra, la deuxi\u00e8me \u00e9dition du carrefour Noun Niswa qui se tient du 8 au 22 mai \u00e0 Taroudant offre un espace propice \u00e0 la femme roudanaise pour d\u00e9voiler ses talents dans diff\u00e9rents domaines. ALM : En quoi consiste le programme de votre carrefour qui [&hellip;]<\/p>\n","protected":false},"author":1759,"featured_media":0,"comment_status":"closed","ping_status":"closed","sticky":false,"template":"","format":"standard","meta":{"fifu_image_url":"https:\/\/aujourdhui.ma\/wp-content\/uploads\/2022\/05\/Entretien-avec-Zahir-Zahra-Presidente-de-lAssociation-Noun-Niswa-2-300x153.png","fifu_image_alt":"Zahir Zahra: \u00abLe carrefour Noun Niswa met en lumi\u00e8re les performances de la femme roudanaise\u00bb","footnotes":""},"categories":[73,54],"tags":[],"class_list":["post-148141","post","type-post","status-publish","format-standard","hentry","category-actualite","category-maroc"],"_links":{"self":[{"href":"https:\/\/linitiative.ca\/International\/wp-json\/wp\/v2\/posts\/148141","targetHints":{"allow":["GET"]}}],"collection":[{"href":"https:\/\/linitiative.ca\/International\/wp-json\/wp\/v2\/posts"}],"about":[{"href":"https:\/\/linitiative.ca\/International\/wp-json\/wp\/v2\/types\/post"}],"author":[{"embeddable":true,"href":"https:\/\/linitiative.ca\/International\/wp-json\/wp\/v2\/users\/1759"}],"replies":[{"embeddable":true,"href":"https:\/\/linitiative.ca\/International\/wp-json\/wp\/v2\/comments?post=148141"}],"version-history":[{"count":0,"href":"https:\/\/linitiative.ca\/International\/wp-json\/wp\/v2\/posts\/148141\/revisions"}],"wp:attachment":[{"href":"https:\/\/linitiative.ca\/International\/wp-json\/wp\/v2\/media?parent=148141"}],"wp:term":[{"taxonomy":"category","embeddable":true,"href":"https:\/\/linitiative.ca\/International\/wp-json\/wp\/v2\/categories?post=148141"},{"taxonomy":"post_tag","embeddable":true,"href":"https:\/\/linitiative.ca\/International\/wp-json\/wp\/v2\/tags?post=148141"}],"curies":[{"name":"wp","href":"https:\/\/api.w.org\/{rel}","templated":true}]}}