{"id":148149,"date":"2022-05-19T14:00:00","date_gmt":"2022-05-19T18:00:00","guid":{"rendered":"https:\/\/linitiative.ca\/International\/bouayach-met-en-avant-a-new-york-le-role-des-institutions-nationales-des-droits-de-lhomme\/"},"modified":"2022-05-19T14:00:00","modified_gmt":"2022-05-19T18:00:00","slug":"bouayach-met-en-avant-a-new-york-le-role-des-institutions-nationales-des-droits-de-lhomme","status":"publish","type":"post","link":"https:\/\/linitiative.ca\/International\/bouayach-met-en-avant-a-new-york-le-role-des-institutions-nationales-des-droits-de-lhomme\/","title":{"rendered":"Bouayach met en avant \u00e0 New York le r\u00f4le des institutions nationales des droits de l\u2019homme"},"content":{"rendered":"<div>\n<p class=\"has-text-align-center has-vivid-red-color has-text-color\"><strong>Acc\u00e8s \u00e0 l\u2019information sur la migration<\/strong><\/p>\n<p class=\"has-black-color has-text-color\"><strong>La pr\u00e9sidente du Conseil national des droits de l\u2019homme (CNDH), Amina Bouayach a mis en avant, mercredi \u00e0 New York, le r\u00f4le des institutions nationales des droits de l\u2019homme (INDH) en mati\u00e8re d\u2019acc\u00e8s \u00e0 l\u2019information sur la migration.<\/strong><\/p>\n<p class=\"has-black-color has-text-color\">\u201cLe r\u00f4le des INDH a \u00e9volu\u00e9. Elles sont devenues \u00e0 la fois fournisseurs et transmetteurs d\u2019information, notamment par les contacts directs avec les personnes migrantes et la soci\u00e9t\u00e9 civile\u201d, a soulign\u00e9 Mme Bouayach lors d\u2019une table-ronde tenue dans le cadre du 1er Forum d\u2019examen de la mise en \u0153uvre du Pacte mondial pour des migrations s\u00fbres, ordonn\u00e9es et r\u00e9guli\u00e8res dit Pacte de Marrakech.<\/p>\n<p class=\"has-black-color has-text-color\">Mme Bouayach, qui participe \u00e0 ce conclave en sa qualit\u00e9 de pr\u00e9sidente du groupe de travail du R\u00e9seau des institutions nationales africaines des droits de l\u2019Homme (RINADH) sur la migration et vice-pr\u00e9sident de l\u2019Alliance mondiale des institutions nationales des droits de l\u2019homme (GANHRI), a rappel\u00e9 que les INDH n\u2019ont m\u00e9nag\u00e9 aucun effort pour promouvoir l\u2019acc\u00e8s \u00e0 une information juste et fond\u00e9e sur le droit, durant la pand\u00e9mie de Covid-19.<\/p>\n<p class=\"has-black-color has-text-color\">\u201cLeurs bonnes pratiques ont \u00e9t\u00e9 partag\u00e9es via une plateforme cr\u00e9\u00e9e par notre Alliance mondiale des INDH, d\u00e9nomm\u00e9e FUSE\u201d, a-t-elle pr\u00e9cis\u00e9 lors de cette table-ronde co-pr\u00e9sid\u00e9e par l\u2019ambassadeur repr\u00e9sentant permanent du Maroc \u00e0 l\u2019ONU, Omar Hilale et le Chef du service national des migrations de la R\u00e9publique d\u2019Azerba\u00efdjan, Vusal Huseynov.<\/p>\n<p class=\"has-black-color has-text-color\">Elle a \u00e9galement relev\u00e9 que le CNDH a organis\u00e9 des campagnes dans diff\u00e9rents dialectes africains (Lingala, Wolof) afin d\u2019accompagner les migrants, face \u00e0 la menace du Covid-19, tout en initiant un plaidoyer et des consultations avec la communaut\u00e9 des m\u00e9dias pour la diffusion des informations institutionnelles sur la migration.<\/p>\n<p class=\"has-black-color has-text-color\">Lors de cette r\u00e9union consacr\u00e9e \u00e0 l\u2019examen des objectifs 1, 3, 7, 17 et 23 du Pacte de Marrakech, Mme Bouayach a \u00e9galement indiqu\u00e9 que le groupe de travail du RINADH sur la migration pr\u00e9sid\u00e9 par le CNDH, a tenu plusieurs discussions et \u00e9changes et une consultation r\u00e9gionale, ajoutant que d\u2019autres interactions avec la GANHRI, ont eu lieu et ont \u00e9t\u00e9 sanctionn\u00e9es par l\u2019adoption d\u2019un document final.<\/p>\n<p class=\"has-black-color has-text-color\">R\u00e9it\u00e9rant l\u2019engagement des INDH africaines \u00e0 interagir activement avec les diff\u00e9rents m\u00e9canismes internationaux et r\u00e9gionaux, et en particulier l\u2019Observatoire africain des migrations, la pr\u00e9sidente du CNDH a, par ailleurs, exprim\u00e9 la pr\u00e9occupation des INDH vis-\u00e0-vis de la \u201cdiss\u00e9mination de fausses informations entravant une migration s\u00fbre, ordonn\u00e9e et r\u00e9guli\u00e8re, se nourrissant des vuln\u00e9rabilit\u00e9s de certaines populations\u201d.<\/p>\n<p class=\"has-black-color has-text-color\">Les INDH africaines \u201cnotent une absence de pr\u00e9visibilit\u00e9 des informations circulantes d\u00fbe aux changements incessants et brusques dans les politiques et lois relatives \u00e0 la migration\u201d, a-t-elle dit, relevant que ce constat est \u201cincompatible\u201d avec l\u2019objectif 3 du Pacte de Marrakech.<\/p>\n<p class=\"has-black-color has-text-color\">Mme Bouayach a, en outre, fait observer que les informations pertinentes, pr\u00e9cises et ad\u00e9quates sur la migration, dans ses diff\u00e9rents volets, qu\u2019ils soient l\u00e9gislatif, social, \u00e9conomique mais aussi politique et culturel, de m\u00eame que sur les m\u00e9canismes d\u2019accueil et les proc\u00e9dures d\u2019acc\u00e8s, sont des donn\u00e9es d\u00e9terminantes pour la protection des migrants notamment contre les risques d\u2019exploitation, d\u2019abus et de travail.<\/p>\n<p class=\"has-black-color has-text-color\">\u201cLa disponibilit\u00e9 et l\u2019acc\u00e8s \u00e0 l\u2019information pour les migrants, ne constituent pas des outils techniques seulement, mais doivent \u00eatre con\u00e7us comme des outils de pr\u00e9vention contre l\u2019exploitation, des outils de protection contre les violations et de promotion du droit d\u2019acc\u00e8s \u00e0 l\u2019information\u201d, a-t-elle estim\u00e9.<\/p>\n<p class=\"has-black-color has-text-color\">Rappelant le r\u00f4le \u201cmajeur\u201d des INDH, notamment au moment des auditions et des accueils directs des migrants et d\u2019apporter des r\u00e9ponses aux requ\u00eates des migrants, elle a soulign\u00e9 l\u2019importance d\u2019\u00e9tablir, ou de renforcer le cas \u00e9ch\u00e9ant des INDH \u201cefficaces, ind\u00e9pendantes et pluralistes avec un mandat large et des ressources ad\u00e9quates\u201d.<\/p>\n<p class=\"has-black-color has-text-color\">Mme Bouayach a \u00e9galement jug\u00e9 primordial de prendre en consid\u00e9ration les d\u00e9fis climatiques, comme question urgente, insistant par la m\u00eame sur la n\u00e9cessit\u00e9 de relever le d\u00e9fi \u00e9mergent de la digitalisation, qui n\u00e9cessite une coop\u00e9ration structur\u00e9e, pour pr\u00e9venir les discours de x\u00e9nophobie et prot\u00e9ger les migrants des actes de racisme et de discrimination dans toutes leurs formes.<\/p>\n<p class=\"has-black-color has-text-color\">Cette quatri\u00e8me table-ronde, qui s\u2019inscrit dans le cadre du 1er Forum d\u2019examen des migrations internationales (17-20 mai), a \u00e9t\u00e9 marqu\u00e9e par la participation notamment du sous-secr\u00e9taire g\u00e9n\u00e9ral des affaires \u00e9conomiques et sociales chinois, Liu Zhenmin, du directeur du bureau de New York du Haut commissariat aux droits de l\u2019homme, Craig Mokhiber et de plusieurs observateurs et repr\u00e9sentants de la soci\u00e9t\u00e9 civile.<\/p>\n<p class=\"has-black-color has-text-color\">Initi\u00e9 par l\u2019Assembl\u00e9e g\u00e9n\u00e9rale de l\u2019ONU, ce Forum vise \u00e0 examiner les progr\u00e8s accomplis aux niveaux local, national, r\u00e9gional et mondial dans l\u2019impl\u00e9mentation du Pacte de Marrakech et \u00e0 aborder de nouvelles actions concr\u00e8tes pour mieux prot\u00e9ger et soutenir plus de 281 millions de migrants dans le monde gr\u00e2ce \u00e0 des changements de politiques et de pratiques.<\/p>\n<p>L\u2019article <a rel=\"nofollow\" href=\"http:\/\/albayane.press.ma\/bouayach-met-en-avant-a-new-york-le-role-des-institutions-nationales-des-droits-de-lhomme-2.html\">Bouayach met en avant \u00e0 New York le r\u00f4le des institutions nationales des droits de l\u2019homme<\/a> est apparu en premier sur <a rel=\"nofollow\" href=\"http:\/\/albayane.press.ma\/\">ALBAYANE<\/a>.<\/p>\n<\/div>\n<p>Auteur: M&rsquo;hammed rahal<br \/>\n<a href=\"http:\/\/albayane.press.ma\/bouayach-met-en-avant-a-new-york-le-role-des-institutions-nationales-des-droits-de-lhomme-2.html\">Cliquez ici pour lire l&rsquo;article depuis sa source.<\/a><\/p>\n","protected":false},"excerpt":{"rendered":"<p>Acc\u00e8s \u00e0 l\u2019information sur la migration La pr\u00e9sidente du Conseil national des droits de l\u2019homme (CNDH), Amina Bouayach a mis en avant, mercredi \u00e0 New York, le r\u00f4le des institutions nationales des droits de l\u2019homme (INDH) en mati\u00e8re d\u2019acc\u00e8s \u00e0 l\u2019information sur la migration. \u201cLe r\u00f4le des INDH a \u00e9volu\u00e9. Elles sont devenues \u00e0 la [&hellip;]<\/p>\n","protected":false},"author":1760,"featured_media":0,"comment_status":"closed","ping_status":"closed","sticky":false,"template":"","format":"standard","meta":{"fifu_image_url":"","fifu_image_alt":"","footnotes":""},"categories":[73,54],"tags":[],"class_list":["post-148149","post","type-post","status-publish","format-standard","hentry","category-actualite","category-maroc"],"_links":{"self":[{"href":"https:\/\/linitiative.ca\/International\/wp-json\/wp\/v2\/posts\/148149","targetHints":{"allow":["GET"]}}],"collection":[{"href":"https:\/\/linitiative.ca\/International\/wp-json\/wp\/v2\/posts"}],"about":[{"href":"https:\/\/linitiative.ca\/International\/wp-json\/wp\/v2\/types\/post"}],"author":[{"embeddable":true,"href":"https:\/\/linitiative.ca\/International\/wp-json\/wp\/v2\/users\/1760"}],"replies":[{"embeddable":true,"href":"https:\/\/linitiative.ca\/International\/wp-json\/wp\/v2\/comments?post=148149"}],"version-history":[{"count":0,"href":"https:\/\/linitiative.ca\/International\/wp-json\/wp\/v2\/posts\/148149\/revisions"}],"wp:attachment":[{"href":"https:\/\/linitiative.ca\/International\/wp-json\/wp\/v2\/media?parent=148149"}],"wp:term":[{"taxonomy":"category","embeddable":true,"href":"https:\/\/linitiative.ca\/International\/wp-json\/wp\/v2\/categories?post=148149"},{"taxonomy":"post_tag","embeddable":true,"href":"https:\/\/linitiative.ca\/International\/wp-json\/wp\/v2\/tags?post=148149"}],"curies":[{"name":"wp","href":"https:\/\/api.w.org\/{rel}","templated":true}]}}