{"id":148150,"date":"2022-05-19T14:00:00","date_gmt":"2022-05-19T18:00:00","guid":{"rendered":"https:\/\/linitiative.ca\/International\/le-dessein-dune-cite-en-marche\/"},"modified":"2022-05-19T14:00:00","modified_gmt":"2022-05-19T18:00:00","slug":"le-dessein-dune-cite-en-marche","status":"publish","type":"post","link":"https:\/\/linitiative.ca\/International\/le-dessein-dune-cite-en-marche\/","title":{"rendered":"Le dessein d\u2019une cit\u00e9 en marche"},"content":{"rendered":"<div>\n<p class=\"has-black-color has-text-color\"><strong>Incontestablement, c\u2019est sous le r\u00e8gne du Roi actuel du pays que la ville d\u2019Agadir s\u2019ing\u00e9niera \u00e0 gagner en notori\u00e9t\u00e9. Depuis fort longtemps, elle s\u2019\u00e9tait recroquevill\u00e9e dans les oubliettes, alors qu\u2019elle se relevait nonchalamment de sa secousse tellurique de 1960. Pendant tout ce temps o\u00f9 elle renaissait de ses cendres, elle se livrait \u00e0 son sort \u00e0 travers ses personnages qui ont blanchi leurs harnais, \u00e0 toutes \u00e9preuves. A pr\u00e9sent, ils seront tr\u00e8s nombreux \u00e0 se faire distinguer, dans tel ou tel domaine, par leurs volont\u00e9s farouches de reconstruire la cit\u00e9 en d\u00e9combres, tel que l\u2019avoir brandi au monde entier Feu Mohamed V par le c\u00e9l\u00e8bre extrait de son discours, grav\u00e9 \u00e0 jamais, sur le Mur du Souvenir, au centre de la ville martyr. A l\u2019\u00e9poque, les b\u00e2tisseurs mettaient du c\u0153ur et du s\u00e9rieux dans les axes cl\u00e9s de la refonte, comme le b\u00e2timent, la p\u00eache, le tourisme, les services. Mais, si au lendemain du cataclysme, on s\u2019\u00e9tait attel\u00e9 corps et \u00e2me, \u00e0 la renaissance de la ville d\u00e9molie aux deux tiers, l\u2019Etat s\u2019\u00e9tait curieusement abstenu de mener \u00e0 terme, cet int\u00e9r\u00eat f\u00e9tiche pour une contr\u00e9e fort timor\u00e9e. En d\u00e9pit de sa position focale de Carrefour du Nord au Sud, ce bout de terre au potentiel si vari\u00e9 et riche en offres naturelle, \u00e9conomique et humaine, il se privait des investissements publics et des m\u00e9ga-projets structurants dont jouissaient ses homologues, dans les grandes m\u00e9tropoles du Royaume, tels Tanger, Rabat, Casablanca, Marrakech\u2026Sans avoir gu\u00e8re une dent contre ce qui se faisait ailleurs, on se sent frustr\u00e9 et d\u00e9sabus\u00e9 face \u00e0 ce traitement assez s\u00e9gr\u00e9gatif pour semer autant de d\u00e9ceptions \u00e0 cet effet. Cependant, au fil du temps, on s\u2019est donc rendu compte qu\u2019on se trompait sur le compte d\u2019une r\u00e9gion aussi active, porteuse et in\u00e9luctablement encline \u00e0 constituer le relai \u00a0transitoire du levier subsaharien sur lequel le pays devrait compter pour l\u2019entrain africain. Il va sans dire que le sursaut salutaire auquel la capitale du Souss est soumise par l\u2019initiative \u00e0 grande \u00e9chelle du Souverain n\u2019est, en fait que le tremplin d\u2019une longue cavalcade adopt\u00e9e \u00e0 bras-le-corps par une \u00e9quip\u00e9e tonitruante en exercice, sous l\u2019\u00e9gide assidue et perspicace de l\u2019Autorit\u00e9 r\u00e9gionale. En effet, on s\u2019attendra \u00e0 coup s\u00fbr, \u00e0 une s\u00e9rie de projets qui viennent garnir cette antichambre en remue-m\u00e9nage \u00e0 tue-t\u00eate qui s\u2019op\u00e8re un peu partout, dans les recoins de la ville. La cit\u00e9 serait sans doute, promue \u00e0 un avenir engageant, puisque bien d\u2019autres ingr\u00e9dients du d\u00e9veloppement sont en cours d\u2019\u00e9tude ou de r\u00e9alisation \u00e0 caract\u00e8re pluridisciplinaire, comme c\u2019est le cas du (PDU) o\u00f9 il est question de plusieurs \u00e9difices sur des p\u00f4les sectoriels destin\u00e9s \u00e0 la sant\u00e9, la culture, la mobilit\u00e9, la d\u00e9tente, l\u2019\u00e9conomie, les loisirs, le cadre de vie. Les d\u00e9cennies de froideur dont fut victime la r\u00e9gion, malgr\u00e9 son atout f\u00e9cond, ne sont plus dor\u00e9navant qu\u2019une r\u00e9miniscence triste qu\u2019il va falloir proscrire pour le bien de la post\u00e9rit\u00e9\u00a0! \u00a0\u00a0\u00a0\u00a0\u00a0\u00a0\u00a0\u00a0\u00a0\u00a0\u00a0\u00a0\u00a0\u00a0\u00a0\u00a0\u00a0\u00a0\u00a0\u00a0\u00a0\u00a0\u00a0\u00a0\u00a0\u00a0\u00a0\u00a0\u00a0\u00a0\u00a0\u00a0\u00a0\u00a0\u00a0\u00a0\u00a0\u00a0\u00a0<\/strong><\/p>\n<p>L\u2019article <a rel=\"nofollow\" href=\"http:\/\/albayane.press.ma\/le-dessein-dune-cite-en-marche.html\">Le dessein d\u2019une cit\u00e9 en marche<\/a> est apparu en premier sur <a rel=\"nofollow\" href=\"http:\/\/albayane.press.ma\/\">ALBAYANE<\/a>.<\/p>\n<\/div>\n<p>Auteur: M&rsquo;hammed rahal<br \/>\n<a href=\"http:\/\/albayane.press.ma\/le-dessein-dune-cite-en-marche.html\">Cliquez ici pour lire l&rsquo;article depuis sa source.<\/a><\/p>\n","protected":false},"excerpt":{"rendered":"<p>Incontestablement, c\u2019est sous le r\u00e8gne du Roi actuel du pays que la ville d\u2019Agadir s\u2019ing\u00e9niera \u00e0 gagner en notori\u00e9t\u00e9. Depuis fort longtemps, elle s\u2019\u00e9tait recroquevill\u00e9e dans les oubliettes, alors qu\u2019elle se relevait nonchalamment de sa secousse tellurique de 1960. Pendant tout ce temps o\u00f9 elle renaissait de ses cendres, elle se livrait \u00e0 son sort [&hellip;]<\/p>\n","protected":false},"author":1760,"featured_media":0,"comment_status":"closed","ping_status":"closed","sticky":false,"template":"","format":"standard","meta":{"fifu_image_url":"","fifu_image_alt":"","footnotes":""},"categories":[73,54],"tags":[],"class_list":["post-148150","post","type-post","status-publish","format-standard","hentry","category-actualite","category-maroc"],"_links":{"self":[{"href":"https:\/\/linitiative.ca\/International\/wp-json\/wp\/v2\/posts\/148150","targetHints":{"allow":["GET"]}}],"collection":[{"href":"https:\/\/linitiative.ca\/International\/wp-json\/wp\/v2\/posts"}],"about":[{"href":"https:\/\/linitiative.ca\/International\/wp-json\/wp\/v2\/types\/post"}],"author":[{"embeddable":true,"href":"https:\/\/linitiative.ca\/International\/wp-json\/wp\/v2\/users\/1760"}],"replies":[{"embeddable":true,"href":"https:\/\/linitiative.ca\/International\/wp-json\/wp\/v2\/comments?post=148150"}],"version-history":[{"count":0,"href":"https:\/\/linitiative.ca\/International\/wp-json\/wp\/v2\/posts\/148150\/revisions"}],"wp:attachment":[{"href":"https:\/\/linitiative.ca\/International\/wp-json\/wp\/v2\/media?parent=148150"}],"wp:term":[{"taxonomy":"category","embeddable":true,"href":"https:\/\/linitiative.ca\/International\/wp-json\/wp\/v2\/categories?post=148150"},{"taxonomy":"post_tag","embeddable":true,"href":"https:\/\/linitiative.ca\/International\/wp-json\/wp\/v2\/tags?post=148150"}],"curies":[{"name":"wp","href":"https:\/\/api.w.org\/{rel}","templated":true}]}}