{"id":148151,"date":"2022-05-19T14:00:00","date_gmt":"2022-05-19T18:00:00","guid":{"rendered":"https:\/\/linitiative.ca\/International\/hilale-decline-a-new-york-la-vision-humaniste-de-sm-le-roi-en-matiere-de-migration\/"},"modified":"2022-05-19T14:00:00","modified_gmt":"2022-05-19T18:00:00","slug":"hilale-decline-a-new-york-la-vision-humaniste-de-sm-le-roi-en-matiere-de-migration","status":"publish","type":"post","link":"https:\/\/linitiative.ca\/International\/hilale-decline-a-new-york-la-vision-humaniste-de-sm-le-roi-en-matiere-de-migration\/","title":{"rendered":"Hilale d\u00e9cline \u00e0 New York la vision humaniste de SM le Roi en mati\u00e8re de migration"},"content":{"rendered":"<div>\n<p class=\"has-text-align-center has-vivid-red-color has-text-color\"><strong>1er Forum d\u2019examen de la mise en oeuvre du Pacte mondial pour des migrations ONU<\/strong><\/p>\n<p class=\"has-black-color has-text-color\"><strong>L\u2019ambassadeur repr\u00e9sentant permanent du Maroc aupr\u00e8s de l\u2019ONU, Omar Hilale a mis en exergue, mercredi \u00e0 New York, la vision humaniste adopt\u00e9e par le Maroc en mati\u00e8re de migration sous le leadership clairvoyant de SM le Roi Mohammed VI.<\/strong><\/p>\n<p class=\"has-black-color has-text-color\">\u201cLes bonnes pratiques du Maroc en mati\u00e8re migratoire, initi\u00e9es conform\u00e9ment \u00e0 la vision humaniste de Sa Majest\u00e9 le Roi Mohammed VI, s\u2019inscrivent dans une logique concr\u00e8te et mesurable\u201d, a soulign\u00e9 M. Hilale qui copr\u00e9sidait une table-ronde tenue dans le cadre du 1er Forum d\u2019examen de la mise en oeuvre du Pacte mondial pour des migrations s\u00fbres, ordonn\u00e9es et r\u00e9guli\u00e8res, adopt\u00e9 \u00e0 Marrakech en 2018.<\/p>\n<p class=\"has-black-color has-text-color\">Lors de cette r\u00e9union consacr\u00e9e aux objectifs 1, 3, 7, 17 et 23 du Pacte de Marrakech co-pr\u00e9sid\u00e9e avec le Chef du service national des migrations de la R\u00e9publique d\u2019Azerba\u00efdjan Vusal Huseynov, M. Hilale a affirm\u00e9 que dans cette optique et conform\u00e9ment au 1er objectif du Pacte, le Maroc porte un discours de v\u00e9rit\u00e9, sur la base de connaissances, de donn\u00e9es, de preuves et de meilleures pratiques pertinentes. Il a \u00e9galement relev\u00e9 que dans le droit fil du 3\u00e8me objectif du Pacte, la \u201cpertinence de notre action ne peut s\u2019acqu\u00e9rir sans un \u00e9change serein d\u2019informations fiables\u201d.<\/p>\n<p class=\"has-black-color has-text-color\">\u201cLe Maroc se refuse de sacrifier le nexus-d\u00e9veloppement migration au profit d\u2019une approche strictement s\u00e9curitaire\u201d, a-t-il fait remarquer, ajoutant que le Maroc, fid\u00e8le \u00e0 la r\u00e9alisation de l\u2019objectif 7, adresse les vuln\u00e9rabilit\u00e9s des migrants, \u00e0 la fois pour pr\u00e9server leur int\u00e9grit\u00e9 physique, mentale et sociale. \u201cS\u2019attaquer aux facteurs de vuln\u00e9rabilit\u00e9s li\u00e9s aux migrations c\u2019est r\u00e9duire l\u2019exclusion et la discrimination\u201d, a-t-il insist\u00e9.<\/p>\n<p class=\"has-black-color has-text-color\">L\u2019ambassadeur marocain a, par ailleurs, indiqu\u00e9 que \u201cla forme n\u2019\u00e9tant que l\u2019expression du fond, un discours \u00e9quilibr\u00e9 et positif constitue le corollaire des r\u00e9alisations concr\u00e8tes sur le terrain\u201d, tout en soulignant la d\u00e9termination de combattre toute instrumentalisation de la question migratoire \u00e0 des fins politiques, racistes, x\u00e9nophobes, ou discriminatoire.<\/p>\n<p class=\"has-black-color has-text-color\">Pour se conformer \u00e0 l\u2019objectif 17, les outils du Maroc sont \u00e0 la fois d\u2019ordre juridique, politique et \u00e9conomique, a-t-il encore relev\u00e9, pr\u00e9cisant que l\u2019ensemble de ces actions ne prennent sens que dans un effort de diss\u00e9mination.<\/p>\n<p class=\"has-black-color has-text-color\">\u00c9voquant l\u2019objectif 23 du Pacte de Marrakech qui consacre une assimilation \u00e0 tous les niveaux, \u00e0 la fois national, continental et international, M. Hilale a indiqu\u00e9 que le Maroc, conscient de la dimension structurelle et globale des migrations, a fait de son int\u00e9gration dans son approche r\u00e9solument multilat\u00e9rale, une priorit\u00e9 strat\u00e9gique. \u201cCes diff\u00e9rentes actions ne sont en aucun cas exhaustives. Elles servent \u00e0 partager de bonnes pratiques, duplicables et diss\u00e9minables, dans un esprit de coop\u00e9ration et de partage\u201d, a-t-il expliqu\u00e9.<\/p>\n<p class=\"has-black-color has-text-color\">Il a, de m\u00eame, insist\u00e9 sur la n\u00e9cessit\u00e9 d\u2019un engagement collectif pour int\u00e9grer des pratiques ambitieuses, conformes au Pacte mondial, dans les politiques de migration. \u00c0 cet \u00e9gard, il est essentiel d\u2019acc\u00e9l\u00e9rer les efforts, \u00e0 tous les niveaux, afin de renforcer la diffusion d\u2019informations fiables, d\u2019\u00e9largir l\u2019acc\u00e8s des migrants aux services, poursuivre l\u2019\u00e9limination des discours emprunts de racisme syst\u00e9mique et enfin accro\u00eetre notre coop\u00e9ration, a encha\u00een\u00e9 le diplomate marocain.<\/p>\n<p class=\"has-black-color has-text-color\">L\u2019ambassadeur repr\u00e9sentant permanent du Maroc aupr\u00e8s de l\u2019ONU a, en outre, indiqu\u00e9 que la pr\u00e9sente table-ronde constitue un \u201caggiornamento n\u00e9cessaire\u201d au renforcement des m\u00e9canismes, plateformes et cadres d\u00e9j\u00e0 en place.<\/p>\n<p class=\"has-black-color has-text-color\">\u201cNous sommes confront\u00e9s \u00e0 l\u2019injonction de r\u00e9ussir. L\u2019utilisation insuffisante de donn\u00e9es empiriques, combin\u00e9e \u00e0 des r\u00e9cits migratoires fallacieux, discriminatoires et x\u00e9nophobes contribuent \u00e0 des politiques et \u00e0 des pratiques qui rendent les migrations dangereuses, d\u00e9sordonn\u00e9es et irr\u00e9guli\u00e8res\u201d, a-t-il d\u00e9plor\u00e9, mettant l\u2019accent sur la responsabilit\u00e9 collective de mettre la migration dans ses proportions r\u00e9elles et de faire son r\u00e9cit de mani\u00e8re objective et non fantasm\u00e9e. \u201cTel est le d\u00e9fi collectif que nous devons relever\u201d, a-t-il lanc\u00e9.<\/p>\n<p class=\"has-black-color has-text-color\">M. Hilale a aussi relev\u00e9 que deux mois apr\u00e8s l\u2019organisation de la 1\u00e8re r\u00e9union minist\u00e9rielle des pays champions du Pacte \u00e0 Rabat, la communaut\u00e9 internationale se retrouve aujourd\u2019hui en configuration \u00e9largie, soud\u00e9s et forts d\u2019une mobilisation \u00e0 la hauteur des d\u00e9fis et des opportunit\u00e9s auxquels nous faisons face.<\/p>\n<p class=\"has-black-color has-text-color\">La r\u00e9union des pays champions \u00e0 Rabat a permis de constater des avanc\u00e9es majeures, marquant un \u201cavant\u201d et un \u201capr\u00e8s\u201d, tant au niveau national qu\u2019international, a-t-il dit, ajoutant que face \u00e0 la seule D\u00e9claration de New York pour les r\u00e9fugi\u00e9s et les migrants adopt\u00e9e en 2016 prot\u00e9geant les r\u00e9fugi\u00e9s, \u201cnous avons d\u00e9sormais, dans un esprit de compl\u00e9mentarit\u00e9, son pendant portant sur tous les aspects des migrations\u201d.<\/p>\n<p class=\"has-black-color has-text-color\">\u201cFace \u00e0 des situations de crispations entre pays d\u2019origine, de transit et de destination, nous faisons d\u00e9sormais face \u00e0 une situation de coop\u00e9ration et d\u2019entraide\u201d, a fait observer M. Hilale, expliquant que la migration \u201cn\u2019est plus un tabou. Elle a acquis gr\u00e2ce au Pacte une dimension globale qui lui permet d\u2019\u00eatre d\u00e9battue, de mani\u00e8re d\u00e9complex\u00e9e et ouverte, dans ses diff\u00e9rentes dimensions\u201d.<\/p>\n<p class=\"has-black-color has-text-color\">Et de souligner que face \u00e0 une vision partiale et d\u00e9form\u00e9e de la migration, \u201cnous avons d\u00e9sormais un cadre de coop\u00e9ration favorisant l\u2019apport de la migration en tant que facteur d\u2019innovation, de prosp\u00e9rit\u00e9 et de d\u00e9veloppement durable\u201d.<\/p>\n<p class=\"has-black-color has-text-color\">\u201cDevant une situation de raret\u00e9 informationnelle, nous avons d\u00e9sormais des r\u00e9seaux r\u00e9gionaux structur\u00e9s, inform\u00e9s et informant\u201d, a-t-il ajout\u00e9, pr\u00e9cisant que bien que le Covid-19 ait mis en lumi\u00e8re des in\u00e9galit\u00e9s structurelles, il a renforc\u00e9 l\u2019actualit\u00e9 du Pacte et a servi d\u2019acc\u00e9l\u00e9rateur aux pratiques tirant parti des avantages d\u2019une migration s\u00fbre, ordonn\u00e9e et r\u00e9guli\u00e8re.<\/p>\n<p class=\"has-black-color has-text-color\">\u201cJamais la condition des migrants n\u2019a autant \u00e9t\u00e9 mise en avant au regard de leur contribution aux secteurs de la sant\u00e9, de l\u2019alimentation et des services \u00e0 la personne\u201d, a not\u00e9 l\u2019ambassadeur, signalant que leur contribution r\u00e9elle s\u2019oppose aux r\u00e9cits motiv\u00e9s par le racisme, la x\u00e9nophobie, la discrimination et la d\u00e9sinformation.<\/p>\n<p class=\"has-black-color has-text-color\">M. Hilale a estim\u00e9 qu\u2019il est faux d\u2019avancer que la migration peut se comprendre sans donn\u00e9es d\u00e9sagr\u00e9g\u00e9es, insistant sur l\u2019importance d\u2019adresser les d\u00e9fis qu\u2019en les nommant.<\/p>\n<p class=\"has-black-color has-text-color\">\u201cIl est faux de penser que les actions ne peuvent \u00eatre entreprises que par les Etats seuls. Les migrants, tout autant que la soci\u00e9t\u00e9 civile, sont et doivent \u00eatre au centre de la formulation des solutions\u201d, a fait remarquer le diplomate marocain, estimant que les migrations ne sont pas essentiellement des mouvements de populations du Sud vers le Nord, les \u00e9changes Sud-Sud \u00e9tant plus importants aujourd\u2019hui.<\/p>\n<p class=\"has-black-color has-text-color\">Il a par ailleurs relev\u00e9 que les premi\u00e8res lignes du Covid-19 ont d\u00e9menti que les pays d\u00e9velopp\u00e9s puissent se passer du ph\u00e9nom\u00e8ne migratoire, appelant \u00e0 ne pas consid\u00e9rer la migration comme un simple flux. \u201cC\u2019est d\u2019abord et avant tout un ensemble de droits au profit des migrants, dans le respect de leur dignit\u00e9\u201d, a conclu l\u2019ambassadeur.<\/p>\n<p class=\"has-black-color has-text-color\">Cette quatri\u00e8me tables-ronde, qui s\u2019inscrit dans le cadre du 1er Forum d\u2019examen des migrations internationales (17-20 mai), a \u00e9t\u00e9 marqu\u00e9e par la participation notamment de la pr\u00e9sidente du Conseil national des droits de l\u2019homme (CNDH), Amina Bouayach, du Secr\u00e9taire g\u00e9n\u00e9ral adjoint des affaires \u00e9conomiques et sociales de l\u2019ONU, Liu Zhenmin, et du directeur du bureau de New York du Haut commissariat aux droits de l\u2019homme, Craig Mokhiber.<\/p>\n<p class=\"has-black-color has-text-color\">Initi\u00e9 par l\u2019Assembl\u00e9e g\u00e9n\u00e9rale de l\u2019ONU, ce Forum, qui r\u00e9unit les \u00c9tats membres, des observateurs, des repr\u00e9sentants du syst\u00e8me onusien en plus des groupes des parties prenantes, vise \u00e0 examiner les progr\u00e8s accomplis aux niveaux local, national, r\u00e9gional et mondial dans l\u2019impl\u00e9mentation du Pacte de Marrakech et \u00e0 aborder de nouvelles actions concr\u00e8tes pour mieux prot\u00e9ger et soutenir plus de 281 millions de migrants dans le monde gr\u00e2ce \u00e0 des changements de politiques et de pratiques.<\/p>\n<p>L\u2019article <a rel=\"nofollow\" href=\"http:\/\/albayane.press.ma\/hilale-decline-a-new-york-la-vision-humaniste-de-sm-le-roi-en-matiere-de-migration.html\">Hilale d\u00e9cline \u00e0 New York la vision humaniste de SM le Roi en mati\u00e8re de migration<\/a> est apparu en premier sur <a rel=\"nofollow\" href=\"http:\/\/albayane.press.ma\/\">ALBAYANE<\/a>.<\/p>\n<\/div>\n<p>Auteur: M&rsquo;hammed rahal<br \/>\n<a href=\"http:\/\/albayane.press.ma\/hilale-decline-a-new-york-la-vision-humaniste-de-sm-le-roi-en-matiere-de-migration.html\">Cliquez ici pour lire l&rsquo;article depuis sa source.<\/a><\/p>\n","protected":false},"excerpt":{"rendered":"<p>1er Forum d\u2019examen de la mise en oeuvre du Pacte mondial pour des migrations ONU L\u2019ambassadeur repr\u00e9sentant permanent du Maroc aupr\u00e8s de l\u2019ONU, Omar Hilale a mis en exergue, mercredi \u00e0 New York, la vision humaniste adopt\u00e9e par le Maroc en mati\u00e8re de migration sous le leadership clairvoyant de SM le Roi Mohammed VI. \u201cLes [&hellip;]<\/p>\n","protected":false},"author":1760,"featured_media":0,"comment_status":"closed","ping_status":"closed","sticky":false,"template":"","format":"standard","meta":{"fifu_image_url":"","fifu_image_alt":"","footnotes":""},"categories":[73,54],"tags":[],"class_list":["post-148151","post","type-post","status-publish","format-standard","hentry","category-actualite","category-maroc"],"_links":{"self":[{"href":"https:\/\/linitiative.ca\/International\/wp-json\/wp\/v2\/posts\/148151","targetHints":{"allow":["GET"]}}],"collection":[{"href":"https:\/\/linitiative.ca\/International\/wp-json\/wp\/v2\/posts"}],"about":[{"href":"https:\/\/linitiative.ca\/International\/wp-json\/wp\/v2\/types\/post"}],"author":[{"embeddable":true,"href":"https:\/\/linitiative.ca\/International\/wp-json\/wp\/v2\/users\/1760"}],"replies":[{"embeddable":true,"href":"https:\/\/linitiative.ca\/International\/wp-json\/wp\/v2\/comments?post=148151"}],"version-history":[{"count":0,"href":"https:\/\/linitiative.ca\/International\/wp-json\/wp\/v2\/posts\/148151\/revisions"}],"wp:attachment":[{"href":"https:\/\/linitiative.ca\/International\/wp-json\/wp\/v2\/media?parent=148151"}],"wp:term":[{"taxonomy":"category","embeddable":true,"href":"https:\/\/linitiative.ca\/International\/wp-json\/wp\/v2\/categories?post=148151"},{"taxonomy":"post_tag","embeddable":true,"href":"https:\/\/linitiative.ca\/International\/wp-json\/wp\/v2\/tags?post=148151"}],"curies":[{"name":"wp","href":"https:\/\/api.w.org\/{rel}","templated":true}]}}