{"id":148152,"date":"2022-05-19T14:00:00","date_gmt":"2022-05-19T18:00:00","guid":{"rendered":"https:\/\/linitiative.ca\/International\/khalid-safir-un-total-de-26-projets-finances-en-deux-annees-dexistence\/"},"modified":"2022-05-19T14:00:00","modified_gmt":"2022-05-19T18:00:00","slug":"khalid-safir-un-total-de-26-projets-finances-en-deux-annees-dexistence","status":"publish","type":"post","link":"https:\/\/linitiative.ca\/International\/khalid-safir-un-total-de-26-projets-finances-en-deux-annees-dexistence\/","title":{"rendered":"Khalid Safir: un total de 26 projets financ\u00e9s en deux ann\u00e9es d\u2019existence"},"content":{"rendered":"<div>\n<p class=\"has-text-align-center has-vivid-cyan-blue-color has-text-color\"><strong>Le Fonds africain d\u2019appui \u00e0 la coop\u00e9ration d\u00e9centralis\u00e9e internationale des collectivit\u00e9s territoriales<\/strong><\/p>\n<p class=\"has-text-align-left has-black-color has-text-color\"><strong>Le Fonds africain d\u2019appui \u00e0 la coop\u00e9ration d\u00e9centralis\u00e9e internationale des collectivit\u00e9s territoriales (FACDI) a financ\u00e9 26 projets en deux ann\u00e9es d\u2019existence, a indiqu\u00e9, mercredi \u00e0 Kisumu, le directeur g\u00e9n\u00e9ral des collectivit\u00e9s territoriales au minist\u00e8re de l\u2019Int\u00e9rieur, Khalid Safir.<\/strong><\/p>\n<p class=\"has-text-align-left has-black-color has-text-color\">Le Fonds, qui a \u00e9t\u00e9 mis en place au lendemain de la 8\u00e8me \u00e9dition du Sommet Africit\u00e9s qui s\u2019est tenu en 2018 \u00e0 Marrakech, a pour objectif d\u2019appuyer la coop\u00e9ration d\u00e9centralis\u00e9e entre les collectivit\u00e9s territoriales marocaines et celles des pays fr\u00e8res, a relev\u00e9 M. Safir lors d\u2019un panel organis\u00e9 dans le cadre du Sommet Africit\u00e9s 2022, qui se tient dans la ville k\u00e9nyane de Kisumu du 17 au 21 mai.<br \/>Il constitue un dispositif financier permettant d\u2019accompagner la r\u00e9alisation de projets de coop\u00e9ration et de partenariats, a-t-il fait savoir lors de cet \u00e9v\u00e9nement ax\u00e9 sur le Fonds, notant que les projets soutenus portent sur des th\u00e9matiques diverses, allant du renforcement des capacit\u00e9s des managers territoriaux \u00e0 la mise \u00e0 niveau et la planification urbaine, en passant par l\u2019appui au services de base rendus aux citoyens.<br \/>Selon lui, il s\u2019agit \u00e9galement du renforcement institutionnel des collectivit\u00e9s territoriales, du d\u00e9veloppement du tourisme durable, de la lutte contre la d\u00e9perdition scolaire, notamment dans le monde rural, ainsi que la digitalisation des administrations locales.<\/p>\n<p class=\"has-text-align-left has-black-color has-text-color\">Appelant les collectivit\u00e9s territoriales \u00e0 soumettre leurs projets au titre de la 3\u00e8me phase de l\u2019appel \u00e0 projets, M. Safir a pr\u00e9cis\u00e9 que deux conditions doivent \u00eatre respect\u00e9es, \u00e0 savoir que le projet propos\u00e9 soit port\u00e9 par deux collectivit\u00e9s, dont l\u2019une au Maroc et l\u2019autre dans un autre pays, et qu\u2019il soit r\u00e9alis\u00e9 dans le pays de l\u2019autre collectivit\u00e9.<br \/>Intervenant lors du m\u00eame panel, la pr\u00e9sidente de l\u2019Association des pr\u00e9sidents des r\u00e9gions du Maroc, Mbarka Bouaida, a soulign\u00e9 que le Royaume a depuis tr\u00e8s longtemps fait le choix d\u2019une coop\u00e9ration sud-sud, citant le discours de Sa Majest\u00e9 le Roi Mohammed VI devant le 28\u00e8me sommet de l\u2019Union africaine \u00e0 Addis-Abeba, o\u00f9 le Souverain avait affirm\u00e9 que \u00ab\u00a0Mon pays opte pour le partage et le transfert de son savoir-faire, il propose de b\u00e2tir concr\u00e8tement un avenir solidaire et s\u00fbr\u00a0\u00bb.<br \/>Cette notion de partage est tr\u00e8s importante car elle d\u00e9note d\u2019une politique volontariste du Maroc, Roi gouvernement et \u00e9lus locaux, a-t-elle soutenu, notant que cette valeur du partage fait partie de la culture marocaine, de son histoire, ainsi que de son avenir.<\/p>\n<p class=\"has-text-align-left has-black-color has-text-color\">Le travail fait au Maroc par la Direction g\u00e9n\u00e9rale des collectivit\u00e9s territoriales (DGCT) refl\u00e8te cette volont\u00e9 de traduire la coop\u00e9ration en des actions concr\u00e8tes, a ajout\u00e9 Mme Bouaida, expliquant qu\u2019il s\u2019agit du sens m\u00eame du FACDI, \u00ab\u00a0qui est une initiative unique en son genre et facile \u00e0 mettre en oeuvre.\u00a0\u00bb<br \/>Pour sa part, le Secr\u00e9taire g\u00e9n\u00e9ral de l\u2019organisation Cit\u00e9s et Gouvernement locaux unis d\u2019Afrique (CGLU Afrique), Jean Pierre Elong Mbassi, a appel\u00e9 les pays africains \u00e0 suivre l\u2019exemple du Maroc, exhortant les \u00e9lus locaux et les gouvernements du continent \u00e0 tirer profit de cet instrument, qui est le Fonds d\u2019appui \u00e0 la coop\u00e9ration d\u00e9centralis\u00e9e.<br \/>\u00ab\u00a0Si l\u2019exemple du Maroc \u00e9tait suivi partout en Afrique, nous pourrions r\u00e9aliser ce que nous avons d\u00e9cid\u00e9 \u00e0 Africit\u00e9s Dakar 2012, a-t-il not\u00e9, insistant sur l\u2019imp\u00e9ratif de b\u00e2tir des relations aux niveaux national et sous-national \u00e0 travers le continent africain.<\/p>\n<p class=\"has-text-align-left has-black-color has-text-color\">Cette session d\u00e9di\u00e9e au Fonds africain d\u2019appui \u00e0 la coop\u00e9ration d\u00e9centralis\u00e9e internationale des collectivit\u00e9s territoriales, a \u00e9t\u00e9 marqu\u00e9e par la projection d\u2019un film institutionnel sur ce m\u00e9canisme, pr\u00e9sentant les objectifs du Fonds et les modalit\u00e9s d\u2019acc\u00e8s au financement qu\u2019il offre.<br \/>Les travaux de la 9\u00e8me \u00e9dition du Sommet Africit\u00e9s Kisumu 2022, qui se sont ouverts mardi, se sont poursuivis mercredi par de nombreuses sessions et panels ayant trait \u00e0 des th\u00e9matiques diverses, dont le climat, la digitalisation, la culture, le d\u00e9veloppement urbain, la femme et la jeunesse.<\/p>\n<p>L\u2019article <a rel=\"nofollow\" href=\"http:\/\/albayane.press.ma\/khalid-safir-un-total-de-26-projets-finances-en-deux-annees-dexistence.html\">Khalid Safir: un total de 26 projets financ\u00e9s en deux ann\u00e9es d\u2019existence<\/a> est apparu en premier sur <a rel=\"nofollow\" href=\"http:\/\/albayane.press.ma\/\">ALBAYANE<\/a>.<\/p>\n<\/div>\n<p>Auteur: M&rsquo;hammed rahal<br \/>\n<a href=\"http:\/\/albayane.press.ma\/khalid-safir-un-total-de-26-projets-finances-en-deux-annees-dexistence.html\">Cliquez ici pour lire l&rsquo;article depuis sa source.<\/a><\/p>\n","protected":false},"excerpt":{"rendered":"<p>Le Fonds africain d\u2019appui \u00e0 la coop\u00e9ration d\u00e9centralis\u00e9e internationale des collectivit\u00e9s territoriales Le Fonds africain d\u2019appui \u00e0 la coop\u00e9ration d\u00e9centralis\u00e9e internationale des collectivit\u00e9s territoriales (FACDI) a financ\u00e9 26 projets en deux ann\u00e9es d\u2019existence, a indiqu\u00e9, mercredi \u00e0 Kisumu, le directeur g\u00e9n\u00e9ral des collectivit\u00e9s territoriales au minist\u00e8re de l\u2019Int\u00e9rieur, Khalid Safir. Le Fonds, qui a \u00e9t\u00e9 [&hellip;]<\/p>\n","protected":false},"author":1760,"featured_media":0,"comment_status":"closed","ping_status":"closed","sticky":false,"template":"","format":"standard","meta":{"fifu_image_url":"","fifu_image_alt":"","footnotes":""},"categories":[73,54],"tags":[],"class_list":["post-148152","post","type-post","status-publish","format-standard","hentry","category-actualite","category-maroc"],"_links":{"self":[{"href":"https:\/\/linitiative.ca\/International\/wp-json\/wp\/v2\/posts\/148152","targetHints":{"allow":["GET"]}}],"collection":[{"href":"https:\/\/linitiative.ca\/International\/wp-json\/wp\/v2\/posts"}],"about":[{"href":"https:\/\/linitiative.ca\/International\/wp-json\/wp\/v2\/types\/post"}],"author":[{"embeddable":true,"href":"https:\/\/linitiative.ca\/International\/wp-json\/wp\/v2\/users\/1760"}],"replies":[{"embeddable":true,"href":"https:\/\/linitiative.ca\/International\/wp-json\/wp\/v2\/comments?post=148152"}],"version-history":[{"count":0,"href":"https:\/\/linitiative.ca\/International\/wp-json\/wp\/v2\/posts\/148152\/revisions"}],"wp:attachment":[{"href":"https:\/\/linitiative.ca\/International\/wp-json\/wp\/v2\/media?parent=148152"}],"wp:term":[{"taxonomy":"category","embeddable":true,"href":"https:\/\/linitiative.ca\/International\/wp-json\/wp\/v2\/categories?post=148152"},{"taxonomy":"post_tag","embeddable":true,"href":"https:\/\/linitiative.ca\/International\/wp-json\/wp\/v2\/tags?post=148152"}],"curies":[{"name":"wp","href":"https:\/\/api.w.org\/{rel}","templated":true}]}}