{"id":148154,"date":"2022-05-20T11:19:19","date_gmt":"2022-05-20T15:19:19","guid":{"rendered":"https:\/\/linitiative.ca\/International\/corruption-lanceurs-dalerte-appel-a-consolider-les-acquis-legislatifs-du-maroc\/"},"modified":"2022-05-20T11:19:19","modified_gmt":"2022-05-20T15:19:19","slug":"corruption-lanceurs-dalerte-appel-a-consolider-les-acquis-legislatifs-du-maroc","status":"publish","type":"post","link":"https:\/\/linitiative.ca\/International\/corruption-lanceurs-dalerte-appel-a-consolider-les-acquis-legislatifs-du-maroc\/","title":{"rendered":"Corruption\/Lanceurs d\u2019alerte: Appel \u00e0 consolider les acquis l\u00e9gislatifs du Maroc"},"content":{"rendered":"<div>\n<div style=\"margin-bottom:20px;\"><img loading=\"lazy\" decoding=\"async\" width=\"750\" height=\"430\" src=\"https:\/\/linitiative.ca\/International\/wp-content\/uploads\/sites\/23\/2022\/05\/conference-copier.jpg\" class=\"attachment-post-thumbnail size-post-thumbnail wp-post-image\" alt=\"\" srcset=\"https:\/\/linitiative.ca\/International\/wp-content\/uploads\/sites\/23\/2022\/05\/conference-copier.jpg 750w, https:\/\/www.mapmarrakech.ma\/map\/uploads\/2022\/05\/conference-copier-300x172.jpg 300w\" sizes=\"auto, (max-width: 750px) 100vw, 750px\"><\/div>\n<p>M.Rachdi, qui intervenait dans le cadre du 6\u00e8me congr\u00e8s international de l\u2019Association des M\u00e9diateurs et Ombudsmans de la Francophonie (AMOF), a relev\u00e9 que la Loi n\u00b0 37-10 vise \u00e0 assurer aux lanceurs d\u2019alerte une protection contre des poursuites disciplinaires ou judiciaires et\u00a0d\u00e9finit plusieurs mesures de protection des lanceurs d\u2019alertes dans le cadre de la lutte contre la corruption (protection physique, dissimulation de l\u2019identit\u00e9, non-indication de l\u2019adresse r\u00e9elle, censure des t\u00e9l\u00e9phones apr\u00e8s consentement, moyens techniques pour changer la voix\u2026).<\/p>\n<p>Dans un expos\u00e9 sous le th\u00e8me \u00ab\u00a0La protection des lanceurs d\u2019alerte constitue un levier important pour consolider le syst\u00e8me de lutte contre la corruption\u00a0\u00bb, M. Rachdi a plaid\u00e9 en faveur de la mise en place d\u2019organe institutionnel ind\u00e9pendant pour recevoir les recours et d\u2019assurer la protection des victimes contre certaines formes de repr\u00e9sailles (\u00e9conomiques, professionnelles, \u2026) auxquelles sont expos\u00e9s les lanceurs d\u2019alerte d\u2019actes de corruption.<\/p>\n<p>Dans ce contexte, il a appel\u00e9 au renforcement des dispositions l\u00e9gales pour favoriser la protection des lanceurs d\u2019alerte, en \u00e9tendant le champ des signalements b\u00e9n\u00e9ficiant de la protection pour couvrir de mani\u00e8re large les diverses manifestations de la corruption et autres crimes financiers et en particulier pour couvrir les actes de corruption criminelle, violation des lois et r\u00e8glements administratifs; abus de fonction et d\u2019autorit\u00e9, et en ouvrant plusieurs niveaux de signalement (aupr\u00e8s de la hi\u00e9rarchie, des organes de contr\u00f4le administratif, des autorit\u00e9s et instances concern\u00e9es par la lutte contre la corruption et d\u2019en clarifier les r\u00e8gles).<\/p>\n<p>Et d\u2019appeler \u00e0 instaurer une nouvelle dynamique de protection en cartographiant les formes de repr\u00e9sailles \u00e9conomiques et professionnelles dont pourrait \u00eatre victime un lanceur d\u2019alerte (Discrimination ; privation ou traitement in\u00e9quitable ; licenciement ou r\u00e9vocation ; refus de promotion ; privation d\u2019acc\u00e8s aux march\u00e9s publics, \u2026) et en \u00e9tendant la protection pour couvrir les dimensions \u00e9conomiques, professionnelles et administratives.<\/p>\n<p>Il s\u2019agit aussi d\u2019\u00e9tablir des sanctions proportionn\u00e9es \u00e0 l\u2019encontre des responsables des repr\u00e9sailles, lib\u00e9rer les lanceurs d\u2019alerte de la charge de preuve de \u00ab\u00a0bonne foi\u00a0\u00bb et se focaliser sur le contenu de l\u2019information signal\u00e9e, a-t-il expliqu\u00e9.<\/p>\n<p>Dans ce cadre, M. Rachdi a mis l\u2019accent sur plusieurs leviers de la protection des lanceurs qui sont en mesure de renforcer la confiance et favoriser l\u2019adh\u00e9sion et la mobilisation\u00a0: la digitalisation \u00e0 travers la cr\u00e9ation de plateformes de lancement d\u2019alerte, de traitement et de suivi dot\u00e9e des moyens et garanties de protection, l\u2019acc\u00e8s \u00e0 la r\u00e9glementation, la mobilisation, la communication et la sensibilisation.<\/p>\n<p>En guise de conclusion, M. Rachdi a appel\u00e9 \u00e0 la sensibilisation des citoyens sur les m\u00e9faits de la corruption, en int\u00e9grant le signalement comme un droit prot\u00e9g\u00e9, mais aussi comme un devoir moral et l\u00e9gal, avec l\u2019objectif d\u2019une large mobilisation qui s\u2019inscrit dans une approche o\u00f9 le citoyen est au c\u0153ur des politiques publiques, non seulement comme cible mais aussi comme acteur, appel\u00e9 \u00e0 y adh\u00e9rer et \u00e0 s\u2019y impliquer.<\/p>\n<p>Initi\u00e9 par l\u2019Institution du m\u00e9diateur, ce conclave a connu la participation de 60 m\u00e9diateurs et ombudsmans membres de l\u2019association, venus de tous les continents, de repr\u00e9sentants des organisations internationales et d\u2019experts marocains et internationaux.<\/p>\n<p>Cette rencontre vise \u00e0 mettre en relief l\u2019importance de l\u2019utilisation optimale par les institutions du M\u00e9diateur dans l\u2019espace francophone de l\u2019\u00e9volution technologique afin de mener \u00e0 bien leurs missions dans le domaine de la protection des droits et libert\u00e9s, notamment dans les contextes de crise, et de la lutte contre \u00ab\u00a0l\u2019analphab\u00e9tisme num\u00e9rique\u00a0\u00bb qui constitue une entrave devant la jouissance effective des droits et libert\u00e9s par de larges cat\u00e9gories des citoyens.<\/p>\n<p>The post <a rel=\"nofollow\" href=\"https:\/\/www.mapmarrakech.ma\/fr\/corruption-lanceurs-dalerte-appel-a-consolider-les-acquis-legislatifs-du-maroc\/\">Corruption\/Lanceurs d\u2019alerte: Appel \u00e0 consolider les acquis l\u00e9gislatifs du Maroc<\/a> appeared first on <a rel=\"nofollow\" href=\"https:\/\/www.mapmarrakech.ma\/fr\">MapMarrakech<\/a>.<\/p>\n<\/div>\n<p>Auteur: Meriem IGASS<br \/>\n<a href=\"https:\/\/www.mapmarrakech.ma\/fr\/corruption-lanceurs-dalerte-appel-a-consolider-les-acquis-legislatifs-du-maroc\/\">Cliquez ici pour lire l&rsquo;article depuis sa source.<\/a><\/p>\n","protected":false},"excerpt":{"rendered":"<p>M.Rachdi, qui intervenait dans le cadre du 6\u00e8me congr\u00e8s international de l\u2019Association des M\u00e9diateurs et Ombudsmans de la Francophonie (AMOF), a relev\u00e9 que la Loi n\u00b0 37-10 vise \u00e0 assurer aux lanceurs d\u2019alerte une protection contre des poursuites disciplinaires ou judiciaires et\u00a0d\u00e9finit plusieurs mesures de protection des lanceurs d\u2019alertes dans le cadre de la lutte [&hellip;]<\/p>\n","protected":false},"author":1788,"featured_media":0,"comment_status":"closed","ping_status":"closed","sticky":false,"template":"","format":"standard","meta":{"fifu_image_url":"https:\/\/www.mapmarrakech.ma\/map\/uploads\/2022\/05\/conference-copier.jpg","fifu_image_alt":"Corruption\/Lanceurs d\u2019alerte: Appel \u00e0 consolider les acquis l\u00e9gislatifs du Maroc","footnotes":""},"categories":[54,76],"tags":[],"class_list":["post-148154","post","type-post","status-publish","format-standard","hentry","category-maroc","category-regions"],"_links":{"self":[{"href":"https:\/\/linitiative.ca\/International\/wp-json\/wp\/v2\/posts\/148154","targetHints":{"allow":["GET"]}}],"collection":[{"href":"https:\/\/linitiative.ca\/International\/wp-json\/wp\/v2\/posts"}],"about":[{"href":"https:\/\/linitiative.ca\/International\/wp-json\/wp\/v2\/types\/post"}],"author":[{"embeddable":true,"href":"https:\/\/linitiative.ca\/International\/wp-json\/wp\/v2\/users\/1788"}],"replies":[{"embeddable":true,"href":"https:\/\/linitiative.ca\/International\/wp-json\/wp\/v2\/comments?post=148154"}],"version-history":[{"count":0,"href":"https:\/\/linitiative.ca\/International\/wp-json\/wp\/v2\/posts\/148154\/revisions"}],"wp:attachment":[{"href":"https:\/\/linitiative.ca\/International\/wp-json\/wp\/v2\/media?parent=148154"}],"wp:term":[{"taxonomy":"category","embeddable":true,"href":"https:\/\/linitiative.ca\/International\/wp-json\/wp\/v2\/categories?post=148154"},{"taxonomy":"post_tag","embeddable":true,"href":"https:\/\/linitiative.ca\/International\/wp-json\/wp\/v2\/tags?post=148154"}],"curies":[{"name":"wp","href":"https:\/\/api.w.org\/{rel}","templated":true}]}}