{"id":148156,"date":"2022-05-20T11:47:31","date_gmt":"2022-05-20T15:47:31","guid":{"rendered":"https:\/\/linitiative.ca\/International\/coup-denvoi-du-9e-festival-international-de-la-poesie-de-marrakech\/"},"modified":"2022-05-20T11:47:31","modified_gmt":"2022-05-20T15:47:31","slug":"coup-denvoi-du-9e-festival-international-de-la-poesie-de-marrakech","status":"publish","type":"post","link":"https:\/\/linitiative.ca\/International\/coup-denvoi-du-9e-festival-international-de-la-poesie-de-marrakech\/","title":{"rendered":"Coup d\u2019envoi du 9\u00e8 festival international de la po\u00e9sie de Marrakech"},"content":{"rendered":"<div>\n<div style=\"margin-bottom:20px;\"><img loading=\"lazy\" decoding=\"async\" width=\"750\" height=\"430\" src=\"https:\/\/linitiative.ca\/International\/wp-content\/uploads\/sites\/23\/2022\/05\/festival-de-la-poC3A9sie-copier.jpg\" class=\"attachment-post-thumbnail size-post-thumbnail wp-post-image\" alt=\"\" srcset=\"https:\/\/linitiative.ca\/International\/wp-content\/uploads\/sites\/23\/2022\/05\/festival-de-la-poC3A9sie-copier.jpg 750w, https:\/\/www.mapmarrakech.ma\/map\/uploads\/2022\/05\/festival-de-la-po\u00e9sie-copier-300x172.jpg 300w\" sizes=\"auto, (max-width: 750px) 100vw, 750px\"><\/div>\n<p>Organis\u00e9e par l\u2019association du festival international de la po\u00e9sie de Marrakech en collaboration avec la Direction r\u00e9gionale de la Culture, le Conseil r\u00e9gional Marrakech-Safi et le Conseil de l\u2019arrondissement de Marrakech-M\u00e9dina, cette manifestation culturelle, qui se poursuit jusqu\u2019au 21 mai, conna\u00eet la participation d\u2019un parterre de po\u00e8tes marocains et \u00e9trangers venus des Emirats Arabes Unis, d\u2019Irak, de Syrie, d\u2019Italie et de Belgique.<\/p>\n<p>Au cours de la s\u00e9ance d\u2019ouverture de cette \u00e9dition, l\u2019accent a \u00e9t\u00e9 mis sur l\u2019importance que rev\u00eat l\u2019organisation en pr\u00e9sentiel de cet \u00e9v\u00e9nement dans le sillage de l\u2019all\u00e8gement des mesures sanitaires en vigueur contre la Covid-19, ainsi que sur la pertinence du th\u00e8me retenu cette ann\u00e9e.<\/p>\n<p>Dans une d\u00e9claration \u00e0 \u00ab\u00a0M24\u00a0\u00bb, la cha\u00eene d\u2019information en continu de la MAP, le pr\u00e9sident de l\u2019association du festival international de la po\u00e9sie de Marrakech, Sa\u00efd Tagraoui, a, dans ce sens, expliqu\u00e9 que le choix du th\u00e8me de cette 9\u00e8 \u00e9dition est l\u2019expression de l\u2019espoir de voir les pays du globe atteindre la coexistence.<\/p>\n<p>De son c\u00f4t\u00e9, l\u2019invit\u00e9 d\u2019honneur de cette manifestation culturelle, le po\u00e8te irakien, r\u00e9sidant au Danemark, Mon\u00efm El Fakir, a fait part de son souhait que cette \u00e9dition soit la voix de tous les po\u00e8tes, expliquant qu\u2019il s\u2019agit d\u2019un message, lanc\u00e9 \u00e0 partir de Marrakech, qui affirme l\u2019existence de voix qui luttent contre la haine et l\u2019incompr\u00e9hension.<\/p>\n<p>La s\u00e9ance d\u2019ouverture du festival a \u00e9t\u00e9 ponctu\u00e9e par des lectures de po\u00e8mes, \u00e0 m\u00eame de constituer une base de dialogue po\u00e9tique pour enrichir les visions et points de vue au service des valeurs de coexistence.<\/p>\n<p>A noter que cette 9\u00e8 \u00e9dition du festival international de po\u00e9sie de Marrakech rend hommage \u00e0 la po\u00e9tesse marocaine Samira Taouil qui r\u00e9side en Belgique, et au po\u00e8te \u00e9mirati Dr. Talal Al Junaibi.<\/p>\n<p>The post <a rel=\"nofollow\" href=\"https:\/\/www.mapmarrakech.ma\/fr\/coup-denvoi-du-9e-festival-international-de-la-poesie-de-marrakech\/\">Coup d\u2019envoi du 9\u00e8 festival international de la po\u00e9sie de Marrakech<\/a> appeared first on <a rel=\"nofollow\" href=\"https:\/\/www.mapmarrakech.ma\/fr\">MapMarrakech<\/a>.<\/p>\n<\/div>\n<p>Auteur: Meriem IGASS<br \/>\n<a href=\"https:\/\/www.mapmarrakech.ma\/fr\/coup-denvoi-du-9e-festival-international-de-la-poesie-de-marrakech\/\">Cliquez ici pour lire l&rsquo;article depuis sa source.<\/a><\/p>\n","protected":false},"excerpt":{"rendered":"<p>Organis\u00e9e par l\u2019association du festival international de la po\u00e9sie de Marrakech en collaboration avec la Direction r\u00e9gionale de la Culture, le Conseil r\u00e9gional Marrakech-Safi et le Conseil de l\u2019arrondissement de Marrakech-M\u00e9dina, cette manifestation culturelle, qui se poursuit jusqu\u2019au 21 mai, conna\u00eet la participation d\u2019un parterre de po\u00e8tes marocains et \u00e9trangers venus des Emirats Arabes Unis, [&hellip;]<\/p>\n","protected":false},"author":1788,"featured_media":0,"comment_status":"closed","ping_status":"closed","sticky":false,"template":"","format":"standard","meta":{"fifu_image_url":"https:\/\/www.mapmarrakech.ma\/map\/uploads\/2022\/05\/festival-de-la-po\u00e9sie-copier.jpg","fifu_image_alt":"Coup d\u2019envoi du 9\u00e8 festival international de la po\u00e9sie de Marrakech","footnotes":""},"categories":[54,76],"tags":[],"class_list":["post-148156","post","type-post","status-publish","format-standard","hentry","category-maroc","category-regions"],"_links":{"self":[{"href":"https:\/\/linitiative.ca\/International\/wp-json\/wp\/v2\/posts\/148156","targetHints":{"allow":["GET"]}}],"collection":[{"href":"https:\/\/linitiative.ca\/International\/wp-json\/wp\/v2\/posts"}],"about":[{"href":"https:\/\/linitiative.ca\/International\/wp-json\/wp\/v2\/types\/post"}],"author":[{"embeddable":true,"href":"https:\/\/linitiative.ca\/International\/wp-json\/wp\/v2\/users\/1788"}],"replies":[{"embeddable":true,"href":"https:\/\/linitiative.ca\/International\/wp-json\/wp\/v2\/comments?post=148156"}],"version-history":[{"count":0,"href":"https:\/\/linitiative.ca\/International\/wp-json\/wp\/v2\/posts\/148156\/revisions"}],"wp:attachment":[{"href":"https:\/\/linitiative.ca\/International\/wp-json\/wp\/v2\/media?parent=148156"}],"wp:term":[{"taxonomy":"category","embeddable":true,"href":"https:\/\/linitiative.ca\/International\/wp-json\/wp\/v2\/categories?post=148156"},{"taxonomy":"post_tag","embeddable":true,"href":"https:\/\/linitiative.ca\/International\/wp-json\/wp\/v2\/tags?post=148156"}],"curies":[{"name":"wp","href":"https:\/\/api.w.org\/{rel}","templated":true}]}}