{"id":148158,"date":"2022-05-20T11:56:06","date_gmt":"2022-05-20T15:56:06","guid":{"rendered":"https:\/\/linitiative.ca\/International\/plaidoyer-pour-une-augmentation-du-budget-de-la-planification-familiale\/"},"modified":"2022-05-20T11:56:06","modified_gmt":"2022-05-20T15:56:06","slug":"plaidoyer-pour-une-augmentation-du-budget-de-la-planification-familiale","status":"publish","type":"post","link":"https:\/\/linitiative.ca\/International\/plaidoyer-pour-une-augmentation-du-budget-de-la-planification-familiale\/","title":{"rendered":"Plaidoyer pour une augmentation du budget de la planification familiale"},"content":{"rendered":"<div>\n<div style=\"margin-bottom:20px;\"><img loading=\"lazy\" decoding=\"async\" width=\"750\" height=\"430\" src=\"https:\/\/linitiative.ca\/International\/wp-content\/uploads\/sites\/23\/2022\/05\/plaidoyer-copier.jpg\" class=\"attachment-post-thumbnail size-post-thumbnail wp-post-image\" alt=\"\" srcset=\"https:\/\/linitiative.ca\/International\/wp-content\/uploads\/sites\/23\/2022\/05\/plaidoyer-copier.jpg 750w, https:\/\/www.mapmarrakech.ma\/map\/uploads\/2022\/05\/plaidoyer-copier-300x172.jpg 300w\" sizes=\"auto, (max-width: 750px) 100vw, 750px\"><\/div>\n<p>Ce plaidoyer a \u00e9t\u00e9 formul\u00e9 \u00e0 l\u2019occasion de l\u2019organisation d\u2019un atelier de partage des r\u00e9sultats des \u00e9tudes r\u00e9alis\u00e9es sur les co\u00fbts des prestations et les couts-b\u00e9n\u00e9fices de la planification familiale au Maroc, tenu en pr\u00e9sence notamment de parlementaires, de repr\u00e9sentants des minist\u00e8res de la Sant\u00e9 et de la protection sociale, et des Finances, ainsi que de repr\u00e9sentants de la soci\u00e9t\u00e9 civile.<\/p>\n<p>Lors de cette rencontre, il a \u00e9t\u00e9 ainsi proc\u00e9d\u00e9 \u00e0 la pr\u00e9sentation de trois \u00e9tudes, qui ont \u00e9t\u00e9 men\u00e9es pour \u00e9tudier les co\u00fbts des prestations de planification familiale. La premi\u00e8re \u00e9tude est r\u00e9alis\u00e9e par l\u2019AMPF au sein de ses centres de prestation de services. La 2\u00e8me est r\u00e9alis\u00e9e par le minist\u00e8re de la Sant\u00e9 de la protection sociale au sein des structures de neuf provinces et pr\u00e9fectures, et la troisi\u00e8me \u00e9tude s\u2019est focalis\u00e9e sur les couts-b\u00e9n\u00e9fices de la planification familiale au Maroc. Les \u00e9tudes ont \u00e9t\u00e9 r\u00e9alis\u00e9es entre 2022 et 2022.<\/p>\n<p>\u00ab\u00a0Ces \u00e9tudes ont r\u00e9v\u00e9l\u00e9 que pour chaque dirham investi en planification familiale correspond \u00e0 22 dirhams comme avantage que le Maroc gagne. Ce chiffre en soi constituent un argumentaire de taille une fois multipli\u00e9e par le nombre des ann\u00e9es de fonctionnement de la PF, qui est donc non seulement rentable de point de vue \u00e9conomique mais \u00e9galement social\u00a0\u00bb, a soulign\u00e9 Mame Latifa Mokhtar Jamai, Pr\u00e9sidente Nationale D\u00e9l\u00e9gu\u00e9e de l\u2019AMPF, dans d\u00e9claration \u00e0 M24, la cha\u00eene t\u00e9l\u00e9vis\u00e9e d\u2019information en continu de la MAP.<\/p>\n<p>Faisant savoir que cette rencontre a pour objectif d\u2019enrichir le d\u00e9bat et de favoriser l\u2019entente et l\u2019appui des d\u00e9cideurs et des acteurs politiques pour un soutien cons\u00e9quent au Programme National de Planification Familiale (PNPF), Mme Jamai a appel\u00e9 les parlementaires \u00e0 appuyer le plaidoyer aupr\u00e8s du gouvernement pour une augmentation du budget de la PF au minist\u00e8re de la sant\u00e9.<\/p>\n<p>Les \u00e9tudes ont \u00e9t\u00e9 r\u00e9alis\u00e9es dans le cadre de projets \u00ab\u00a0Programme Genre et Egalit\u00e9\u00a0\u00bb (GEP), implant\u00e9 depuis 2019 au niveau des provinces de Tata et Azilal et s\u2019inscrit dans le cadre de partenariat entre le minist\u00e8re des Affaires \u00e9trang\u00e8res du Danemark, la F\u00e9d\u00e9ration Internationale du Planning Familial (IPPF) et l\u2019Association Marocaine de Planification Familiale (AMPF).<\/p>\n<p>L\u2019un des objectifs de projet est l\u2019\u00e9tablissement des co\u00fbts r\u00e9els des principaux services de la planification familiale, ainsi que les b\u00e9n\u00e9fices que peut tirer le gouvernement en investissant dans cette derni\u00e8re.<\/p>\n<p>Ces \u00e9tudes ont \u00e9t\u00e9 partag\u00e9es avec des parlementaires aupr\u00e8s desquels un plaidoyer sera men\u00e9 en faveur de l\u2019augmentation du budget octroy\u00e9 au minist\u00e8re de la Sant\u00e9 et de la Protection Sociale, afin d\u2019assurer la promotion de la sant\u00e9 sexuelle et reproductive au Royaume.<\/p>\n<p>Au Maroc, le programme de la PF, lanc\u00e9 depuis un nombre d\u2019ann\u00e9es, a permis de contribuer \u00e0 un gain en termes de dividende d\u00e9mographique. Apr\u00e8s une bonne p\u00e9riode de positionnement politique et strat\u00e9gique de la PF, une consolidation des acquis mais aussi un appui pour le renforcement du PNPF s\u2019av\u00e8rent n\u00e9cessaires.<\/p>\n<p>Pour cela, la production de l\u2019\u00e9vidence est d\u2019un int\u00e9r\u00eat capital pour faciliter la convergence politique des d\u00e9cideurs pour un appui p\u00e9renne et stable des actions de la PF.<\/p>\n<p>Ces \u00e9tudes ont concern\u00e9 une \u00e9valuation de l\u2019investissement r\u00e9alis\u00e9 par le pays dans le domaine de la PF avec le recours aux donn\u00e9es des premi\u00e8res analyses \u00e9tablies au niveau des secteurs public et associatif et \u00e0 une estimation de l\u2019investissement au niveau du secteur priv\u00e9. Il est ensuite estim\u00e9 l\u2019avantage en termes de co\u00fbts \u00e9pargn\u00e9s gr\u00e2ce \u00e0 la mise en \u0153uvre du programme de la PF.<\/p>\n<p>La m\u00e9thode emprunt\u00e9e ne cerne que certaines composantes de l\u2019avantage de la PF, tout en s\u2019adaptant aux sp\u00e9cificit\u00e9s du syst\u00e8me d\u2019information et de la disponibilit\u00e9 des donn\u00e9es pour proc\u00e9der au montage des co\u00fbts.<\/p>\n<p>Ces \u00e9tudes ont permis au m\u00eame temps de faire \u00e9merger une m\u00e9thodologie qui pourra \u00eatre reprise dans les ann\u00e9es \u00e0 venir, avec la m\u00eame logique argumentaire, dans le cadre d\u2019autres \u00e9tudes ou utilis\u00e9e comme outil de suivi ou d\u2019\u00e9valuation du PNPF.<\/p>\n<p>L\u2019argumentaire produit dans le cadre de ces \u00e9tudes fournit une mati\u00e8re consistante pour assoir une d\u00e9marche de communication qui serait utilis\u00e9e par la suite comme catalyseur de la divergence des acteurs politiques en faveur de la PF.<\/p>\n<p>The post <a rel=\"nofollow\" href=\"https:\/\/www.mapmarrakech.ma\/fr\/plaidoyer-pour-une-augmentation-du-budget-de-la-planification-familiale\/\">Plaidoyer pour une augmentation du budget de la planification familiale<\/a> appeared first on <a rel=\"nofollow\" href=\"https:\/\/www.mapmarrakech.ma\/fr\">MapMarrakech<\/a>.<\/p>\n<\/div>\n<p>Auteur: Meriem IGASS<br \/>\n<a href=\"https:\/\/www.mapmarrakech.ma\/fr\/plaidoyer-pour-une-augmentation-du-budget-de-la-planification-familiale\/\">Cliquez ici pour lire l&rsquo;article depuis sa source.<\/a><\/p>\n","protected":false},"excerpt":{"rendered":"<p>Ce plaidoyer a \u00e9t\u00e9 formul\u00e9 \u00e0 l\u2019occasion de l\u2019organisation d\u2019un atelier de partage des r\u00e9sultats des \u00e9tudes r\u00e9alis\u00e9es sur les co\u00fbts des prestations et les couts-b\u00e9n\u00e9fices de la planification familiale au Maroc, tenu en pr\u00e9sence notamment de parlementaires, de repr\u00e9sentants des minist\u00e8res de la Sant\u00e9 et de la protection sociale, et des Finances, ainsi que [&hellip;]<\/p>\n","protected":false},"author":1788,"featured_media":0,"comment_status":"closed","ping_status":"closed","sticky":false,"template":"","format":"standard","meta":{"fifu_image_url":"https:\/\/www.mapmarrakech.ma\/map\/uploads\/2022\/05\/plaidoyer-copier.jpg","fifu_image_alt":"Plaidoyer pour une augmentation du budget de la planification familiale","footnotes":""},"categories":[54,76],"tags":[],"class_list":["post-148158","post","type-post","status-publish","format-standard","hentry","category-maroc","category-regions"],"_links":{"self":[{"href":"https:\/\/linitiative.ca\/International\/wp-json\/wp\/v2\/posts\/148158","targetHints":{"allow":["GET"]}}],"collection":[{"href":"https:\/\/linitiative.ca\/International\/wp-json\/wp\/v2\/posts"}],"about":[{"href":"https:\/\/linitiative.ca\/International\/wp-json\/wp\/v2\/types\/post"}],"author":[{"embeddable":true,"href":"https:\/\/linitiative.ca\/International\/wp-json\/wp\/v2\/users\/1788"}],"replies":[{"embeddable":true,"href":"https:\/\/linitiative.ca\/International\/wp-json\/wp\/v2\/comments?post=148158"}],"version-history":[{"count":0,"href":"https:\/\/linitiative.ca\/International\/wp-json\/wp\/v2\/posts\/148158\/revisions"}],"wp:attachment":[{"href":"https:\/\/linitiative.ca\/International\/wp-json\/wp\/v2\/media?parent=148158"}],"wp:term":[{"taxonomy":"category","embeddable":true,"href":"https:\/\/linitiative.ca\/International\/wp-json\/wp\/v2\/categories?post=148158"},{"taxonomy":"post_tag","embeddable":true,"href":"https:\/\/linitiative.ca\/International\/wp-json\/wp\/v2\/tags?post=148158"}],"curies":[{"name":"wp","href":"https:\/\/api.w.org\/{rel}","templated":true}]}}