{"id":148160,"date":"2022-05-20T12:45:57","date_gmt":"2022-05-20T16:45:57","guid":{"rendered":"https:\/\/linitiative.ca\/International\/oleiculture-lapni-et-linra-lancent-le-projet-olive-ferticlim\/"},"modified":"2022-05-20T12:45:57","modified_gmt":"2022-05-20T16:45:57","slug":"oleiculture-lapni-et-linra-lancent-le-projet-olive-ferticlim","status":"publish","type":"post","link":"https:\/\/linitiative.ca\/International\/oleiculture-lapni-et-linra-lancent-le-projet-olive-ferticlim\/","title":{"rendered":"Ol\u00e9iculture : L\u2019APNI et l\u2019INRA lancent le projet \u00ab\u00a0Olive-FertiClim\u00a0\u00bb"},"content":{"rendered":"<div>\n<div style=\"margin-bottom:20px;\"><img loading=\"lazy\" decoding=\"async\" width=\"750\" height=\"430\" src=\"https:\/\/linitiative.ca\/International\/wp-content\/uploads\/sites\/23\/2022\/05\/olC3A9iculture-1-copier.jpg\" class=\"attachment-post-thumbnail size-post-thumbnail wp-post-image\" alt=\"\" srcset=\"https:\/\/linitiative.ca\/International\/wp-content\/uploads\/sites\/23\/2022\/05\/olC3A9iculture-1-copier.jpg 750w, https:\/\/www.mapmarrakech.ma\/map\/uploads\/2022\/05\/ol\u00e9iculture-1-copier-300x172.jpg 300w\" sizes=\"auto, (max-width: 750px) 100vw, 750px\"><\/div>\n<p>Le projet, coordonn\u00e9 par l\u2019INRA Marrakech et l\u2019INRA Mekn\u00e8s, fait partie des quatre projets retenus sur une centaine de candidatures re\u00e7ues \u00e0 travers l\u2019Afrique dans le cadre de l\u2019appel \u00e0 projet du Fonds africain de recherche sur la nutrition des plantes (APNRF).<\/p>\n<p>Ce projet, con\u00e7u pour relever les d\u00e9fis et contraintes relatifs aux faibles rendements, au changement climatique et \u00e0 la gestion inappropri\u00e9e de la fertilit\u00e9 des sols, vise \u00e0 favoriser une ol\u00e9iculture durable et comp\u00e9titive.<\/p>\n<p>S\u2019inscrivant dans le cadre de la nouvelle strat\u00e9gie agricole nationale \u00ab\u00a0G\u00e9n\u00e9ration Green 2020-2030\u2033, le projet d\u2019\u00a0\u00bbam\u00e9lioration de l\u2019efficience de l\u2019utilisation de l\u2019eau et des \u00e9l\u00e9ments nutritifs pour la r\u00e9silience des syst\u00e8mes ol\u00e9icoles marocains aux changements climatiques\u00a0\u00bb, vise \u00e0 cr\u00e9er de nouvelles perspectives pour permettre la mise \u00e0 l\u2019\u00e9chelle de la gestion am\u00e9lior\u00e9e de la fertilit\u00e9 des sols en cr\u00e9ant une synergie autour des priorit\u00e9s de la recherche en nutrition des plantes men\u00e9e par l\u2019APNI en collaboration avec les acteurs du syst\u00e8me national de la recherche agricole au Maroc en particulier et en Afrique en g\u00e9n\u00e9ral.<\/p>\n<p>Les strat\u00e9gies innovantes de gestion des oliveraies bas\u00e9es sur des ressources g\u00e9n\u00e9tiques dot\u00e9es d\u2019une grande \u00e9lasticit\u00e9 au stress hydrique et des opportunit\u00e9s commerciales y aff\u00e9rentes pour les diff\u00e9rentes parties prenantes locales de la chaine de valeur permettront d\u2019att\u00e9nuer la vuln\u00e9rabilit\u00e9 des agriculteurs aux changements climatiques au Maroc et dans le grand bassin m\u00e9diterran\u00e9en.<\/p>\n<p>Le projet sera une plateforme de r\u00e9f\u00e9rence pour les projets ol\u00e9icoles nord-africains.<\/p>\n<p>Fond\u00e9e en 2019 et bas\u00e9e \u00e0 Bengu\u00e9rir, l\u2019APNI a pour mission d\u2019am\u00e9liorer la nutrition des plantes pour une Afrique r\u00e9siliente et en s\u00e9curit\u00e9 alimentaire.<\/p>\n<p>The post <a rel=\"nofollow\" href=\"https:\/\/www.mapmarrakech.ma\/fr\/oleiculture-lapni-et-linra-lancent-le-projet-olive-ferticlim\/\">Ol\u00e9iculture : L\u2019APNI et l\u2019INRA lancent le projet \u00ab\u00a0Olive-FertiClim\u00a0\u00bb<\/a> appeared first on <a rel=\"nofollow\" href=\"https:\/\/www.mapmarrakech.ma\/fr\">MapMarrakech<\/a>.<\/p>\n<\/div>\n<p>Auteur: Meriem IGASS<br \/>\n<a href=\"https:\/\/www.mapmarrakech.ma\/fr\/oleiculture-lapni-et-linra-lancent-le-projet-olive-ferticlim\/\">Cliquez ici pour lire l&rsquo;article depuis sa source.<\/a><\/p>\n","protected":false},"excerpt":{"rendered":"<p>Le projet, coordonn\u00e9 par l\u2019INRA Marrakech et l\u2019INRA Mekn\u00e8s, fait partie des quatre projets retenus sur une centaine de candidatures re\u00e7ues \u00e0 travers l\u2019Afrique dans le cadre de l\u2019appel \u00e0 projet du Fonds africain de recherche sur la nutrition des plantes (APNRF). Ce projet, con\u00e7u pour relever les d\u00e9fis et contraintes relatifs aux faibles rendements, [&hellip;]<\/p>\n","protected":false},"author":1788,"featured_media":0,"comment_status":"closed","ping_status":"closed","sticky":false,"template":"","format":"standard","meta":{"fifu_image_url":"https:\/\/www.mapmarrakech.ma\/map\/uploads\/2022\/05\/ol\u00e9iculture-1-copier.jpg","fifu_image_alt":"Ol\u00e9iculture : L\u2019APNI et l\u2019INRA lancent le projet \u00ab\u00a0Olive-FertiClim\u00a0\u00bb","footnotes":""},"categories":[54,76],"tags":[],"class_list":["post-148160","post","type-post","status-publish","format-standard","hentry","category-maroc","category-regions"],"_links":{"self":[{"href":"https:\/\/linitiative.ca\/International\/wp-json\/wp\/v2\/posts\/148160","targetHints":{"allow":["GET"]}}],"collection":[{"href":"https:\/\/linitiative.ca\/International\/wp-json\/wp\/v2\/posts"}],"about":[{"href":"https:\/\/linitiative.ca\/International\/wp-json\/wp\/v2\/types\/post"}],"author":[{"embeddable":true,"href":"https:\/\/linitiative.ca\/International\/wp-json\/wp\/v2\/users\/1788"}],"replies":[{"embeddable":true,"href":"https:\/\/linitiative.ca\/International\/wp-json\/wp\/v2\/comments?post=148160"}],"version-history":[{"count":0,"href":"https:\/\/linitiative.ca\/International\/wp-json\/wp\/v2\/posts\/148160\/revisions"}],"wp:attachment":[{"href":"https:\/\/linitiative.ca\/International\/wp-json\/wp\/v2\/media?parent=148160"}],"wp:term":[{"taxonomy":"category","embeddable":true,"href":"https:\/\/linitiative.ca\/International\/wp-json\/wp\/v2\/categories?post=148160"},{"taxonomy":"post_tag","embeddable":true,"href":"https:\/\/linitiative.ca\/International\/wp-json\/wp\/v2\/tags?post=148160"}],"curies":[{"name":"wp","href":"https:\/\/api.w.org\/{rel}","templated":true}]}}