{"id":148162,"date":"2022-05-19T15:42:08","date_gmt":"2022-05-19T19:42:08","guid":{"rendered":"https:\/\/linitiative.ca\/International\/nous-sommes-fiers-de-jouer-la-finale-de-la-coupe-de-la-caf-f-ibenge\/"},"modified":"2022-05-19T15:42:08","modified_gmt":"2022-05-19T19:42:08","slug":"nous-sommes-fiers-de-jouer-la-finale-de-la-coupe-de-la-caf-f-ibenge","status":"publish","type":"post","link":"https:\/\/linitiative.ca\/International\/nous-sommes-fiers-de-jouer-la-finale-de-la-coupe-de-la-caf-f-ibenge\/","title":{"rendered":"Nous sommes \u00ab\u00a0fiers\u00a0\u00bb de jouer la finale de la Coupe de la CAF (F. Ibenge)"},"content":{"rendered":"<div>\n<div style=\"margin-bottom:20px;\"><img loading=\"lazy\" decoding=\"async\" width=\"750\" height=\"430\" src=\"https:\/\/linitiative.ca\/International\/wp-content\/uploads\/sites\/23\/2022\/05\/entraC3AEneur-de-la-Renaissance-de-Berkane-RSB-Florent-Ibenge-750C397430-MAP.jpg\" class=\"attachment-post-thumbnail size-post-thumbnail wp-post-image\" alt=\"\" srcset=\"https:\/\/linitiative.ca\/International\/wp-content\/uploads\/sites\/23\/2022\/05\/entraC3AEneur-de-la-Renaissance-de-Berkane-RSB-Florent-Ibenge-750C397430-MAP.jpg 750w, https:\/\/www.mapoujda.ma\/map\/uploads\/2022\/05\/entra\u00eeneur-de-la-Renaissance-de-Berkane-RSB-Florent-Ibenge-750\u00d7430-MAP-300x172.jpg 300w\" sizes=\"auto, (max-width: 750px) 100vw, 750px\"><\/div>\n<p>Uyo (Nigeria), 19\/05\/2022 (MAP) \u2013\u00a0L\u2019entra\u00eeneur de\u00a0la Renaissance sportive de Berkane (RSB),\u00a0Florent Ibenge, a exprim\u00e9, jeudi \u00e0\u00a0Uyo, au Nigeria, la \u00ab\u00a0fiert\u00e9\u00a0\u00bb de la formation orange de disputer la finale de la Coupe de la Conf\u00e9d\u00e9ration africaine de football (CAF).<\/p>\n<p>\u00ab\u00a0C\u2019est une fiert\u00e9 d\u2019\u00eatre l\u00e0. Depuis le d\u00e9but de la comp\u00e9tition plusieurs entra\u00eeneurs voulaient \u00eatre en cette finale et on y est\u00a0\u00bb, a d\u00e9clar\u00e9 Florent Ibenge lors de la conf\u00e9rence de presse d\u2019avant-finale devant opposer vendredi\u00a0la RSB au club sud-africain Orlando Pirates.<\/p>\n<p>\u00ab\u00a0Ce n\u2019\u00e9tait pas facile\u00a0\u00bb a-t-il pr\u00e9cis\u00e9, tout en tenant \u00e0 f\u00e9liciter ses joueurs. \u00ab\u00a0On a disput\u00e9 des matchs tr\u00e8s difficiles. Des matchs de tr\u00e8s haut niveau et, surtout mentalement, nous avons \u00e9t\u00e9 mis \u00e0 de dures \u00e9preuves\u00a0\u00bb, a-t-il clarifi\u00e9.<\/p>\n<p>\u00ab\u00a0Il nous reste bien \u00e9videmment\u00a0un match \u00e0 jouer.\u00a0On est bien et on va faire de notre mieux pour le remporter\u00a0\u00bb, a-t-il lanc\u00e9.<\/p>\n<p>Quant \u00e0 la pr\u00e9paration des Oranges, le technicien congolais a indiqu\u00e9 que celle-ci \u00ab\u00a0se fait actuellement au niveau de la r\u00e9cup\u00e9ration parce qu\u2019on a pas eu beaucoup de temps pour cela. Une toute petite semaine apr\u00e8s le match face au TP\u00a0Mazembe\u00a0\u00bb.<\/p>\n<p>Dans ce contexte, il a r\u00e9v\u00e9l\u00e9 que deux joueurs ne peuvent pas prendre part au match de la finale, \u00e0 savoir\u00a0Mouad\u00a0Fekkak\u00a0et\u00a0Adama Ba pour\u00a0blessures, tout en exprimant sa confiance en les autres joueurs de l\u2019\u00e9quipe.<\/p>\n<p>\u00ab\u00a0Je suis tr\u00e8s heureux du rendement des autres joueurs et ils sont l\u00e0 pour faire le travail\u00a0\u00bb, a-t-il poursuivi.<\/p>\n<p>Il a ajout\u00e9 que \u00ab\u00a0c\u2019est une finale et une finale c\u2019est du 50\/50. C\u2019est s\u00fbr que vouloir gagner nous donne plus de confiance mais aussi pour Orlando Pirates\u00a0\u00bb.<\/p>\n<p>Pour sa part,\u00a0Sofian El Moudane a \u00e9galement exprim\u00e9 le sentiment de fiert\u00e9 de jouer ce grand match, relevant que\u00a0gagner le match constitue\u00a0une priorit\u00e9 et un objectif que toute l\u2019\u00e9quipe s\u2019\u00e9tait fix\u00e9e.<\/p>\n<p>\u00ab\u00a0Maintenant, on est l\u00e0 et on va tout faire pour gagner ce troph\u00e9e\u00a0\u00bb, a-t-il encha\u00een\u00e9.<\/p>\n<p>\u00ab\u00a0La saison \u00e9tait longue. On a bataill\u00e9, travaill\u00e9 et souffert\u00a0pour arriver \u00e0 ce stade,\u00a0et nous allons aborder ce match avec cette mentalit\u00e9 de guerriers\u00a0\u00bb, a dit le joueur de la RSB, soulignant que \u00ab\u00a0l\u2019esprit mental est le plus important \u00e0 tous les niveaux\u00a0\u00bb.<\/p>\n<p>\u00ab\u00a0La comp\u00e9tition nous a donn\u00e9 beaucoup plus de confiance. On a perdu, on a gagn\u00e9 (\u2026) tout cela a contribu\u00e9 \u00e0 forger notre mental. Pour demain, nous sommes pr\u00eats \u00e0 100%\u00a0\u00bb, a-t-il fait savoir.<\/p>\n<p>\u00ab\u00a0Tout le monde aura la grinta. La finale se gagne, elle ne se joue pas\u00a0\u00bb.<\/p>\n<p>Le club orange jouera la 3-\u00e8me finale de son histoire\u00a0de la Coupe de la CAF, apr\u00e8s une finale perdue en 2019 face au Zamalek et une autre remport\u00e9e en 2020 aux d\u00e9pens d\u2019une autre \u00e9quipe \u00e9gyptienne, Pyramids FC.<\/p>\n<p>L\u2019article <a rel=\"nofollow\" href=\"https:\/\/www.mapoujda.ma\/fr\/nous-sommes-fiers-de-jouer-la-finale-de-la-coupe-de-la-caf-f-ibenge\/\">Nous sommes \u00ab\u00a0fiers\u00a0\u00bb de jouer la finale de la Coupe de la CAF (F. Ibenge)<\/a> est apparu en premier sur <a rel=\"nofollow\" href=\"https:\/\/www.mapoujda.ma\/fr\">MapOujda<\/a>.<\/p>\n<\/div>\n<p>Auteur: Soufiane ELAHMAR<br \/>\n<a href=\"https:\/\/www.mapoujda.ma\/fr\/nous-sommes-fiers-de-jouer-la-finale-de-la-coupe-de-la-caf-f-ibenge\/\">Cliquez ici pour lire l&rsquo;article depuis sa source.<\/a><\/p>\n","protected":false},"excerpt":{"rendered":"<p>Uyo (Nigeria), 19\/05\/2022 (MAP) \u2013\u00a0L\u2019entra\u00eeneur de\u00a0la Renaissance sportive de Berkane (RSB),\u00a0Florent Ibenge, a exprim\u00e9, jeudi \u00e0\u00a0Uyo, au Nigeria, la \u00ab\u00a0fiert\u00e9\u00a0\u00bb de la formation orange de disputer la finale de la Coupe de la Conf\u00e9d\u00e9ration africaine de football (CAF). \u00ab\u00a0C\u2019est une fiert\u00e9 d\u2019\u00eatre l\u00e0. Depuis le d\u00e9but de la comp\u00e9tition plusieurs entra\u00eeneurs voulaient \u00eatre en cette [&hellip;]<\/p>\n","protected":false},"author":1788,"featured_media":0,"comment_status":"closed","ping_status":"closed","sticky":false,"template":"","format":"standard","meta":{"fifu_image_url":"https:\/\/www.mapoujda.ma\/map\/uploads\/2022\/05\/entra\u00eeneur-de-la-Renaissance-de-Berkane-RSB-Florent-Ibenge-750\u00d7430-MAP.jpg","fifu_image_alt":"Nous sommes \u00ab\u00a0fiers\u00a0\u00bb de jouer la finale de la Coupe de la CAF (F. Ibenge)","footnotes":""},"categories":[54,76],"tags":[],"class_list":["post-148162","post","type-post","status-publish","format-standard","hentry","category-maroc","category-regions"],"_links":{"self":[{"href":"https:\/\/linitiative.ca\/International\/wp-json\/wp\/v2\/posts\/148162","targetHints":{"allow":["GET"]}}],"collection":[{"href":"https:\/\/linitiative.ca\/International\/wp-json\/wp\/v2\/posts"}],"about":[{"href":"https:\/\/linitiative.ca\/International\/wp-json\/wp\/v2\/types\/post"}],"author":[{"embeddable":true,"href":"https:\/\/linitiative.ca\/International\/wp-json\/wp\/v2\/users\/1788"}],"replies":[{"embeddable":true,"href":"https:\/\/linitiative.ca\/International\/wp-json\/wp\/v2\/comments?post=148162"}],"version-history":[{"count":0,"href":"https:\/\/linitiative.ca\/International\/wp-json\/wp\/v2\/posts\/148162\/revisions"}],"wp:attachment":[{"href":"https:\/\/linitiative.ca\/International\/wp-json\/wp\/v2\/media?parent=148162"}],"wp:term":[{"taxonomy":"category","embeddable":true,"href":"https:\/\/linitiative.ca\/International\/wp-json\/wp\/v2\/categories?post=148162"},{"taxonomy":"post_tag","embeddable":true,"href":"https:\/\/linitiative.ca\/International\/wp-json\/wp\/v2\/tags?post=148162"}],"curies":[{"name":"wp","href":"https:\/\/api.w.org\/{rel}","templated":true}]}}