{"id":148166,"date":"2022-05-20T05:24:05","date_gmt":"2022-05-20T09:24:05","guid":{"rendered":"https:\/\/linitiative.ca\/International\/hausse-de-lipc-en-avril\/"},"modified":"2022-05-20T05:24:05","modified_gmt":"2022-05-20T09:24:05","slug":"hausse-de-lipc-en-avril","status":"publish","type":"post","link":"https:\/\/linitiative.ca\/International\/hausse-de-lipc-en-avril\/","title":{"rendered":"Hausse de l&rsquo;IPC en avril"},"content":{"rendered":"<div>\n<div class=\"field field-name-body field-type-text-with-summary field-label-hidden\">\n<div class=\"field-items\">\n<div class=\"field-item even\" property=\"content:encoded\">\n<p class=\"rtejustify\">L&rsquo;indice des prix \u00e0 la consommation (IPC) a connu, au cours du mois d&rsquo;avril dernier, une hausse de 1,8% par rapport au mois pr\u00e9c\u00e9dent, indique le Haut-commissariat au plan (HCP).<\/p>\n<p>Cette variation est le r\u00e9sultat de la hausse de 3,0% de l\u2019indice des produits alimentaires et de 0,9% de l\u2019indice des produits non alimentaires, explique le HCP dans une note d&rsquo;information relative \u00e0 l&rsquo;IPC du mois d&rsquo;avril 2022.<\/p>\n<\/div>\n<\/div>\n<\/div>\n<\/div>\n<p>Auteur: mbasraoui<br \/>\n<a href=\"https:\/\/www.leconomiste.com\/flash-infos\/hausse-de-l-ipc-en-avril\">Cliquez ici pour lire l&rsquo;article depuis sa source.<\/a><\/p>\n","protected":false},"excerpt":{"rendered":"<p>L&rsquo;indice des prix \u00e0 la consommation (IPC) a connu, au cours du mois d&rsquo;avril dernier, une hausse de 1,8% par rapport au mois pr\u00e9c\u00e9dent, indique le Haut-commissariat au plan (HCP). Cette variation est le r\u00e9sultat de la hausse de 3,0% de l\u2019indice des produits alimentaires et de 0,9% de l\u2019indice des produits non alimentaires, explique [&hellip;]<\/p>\n","protected":false},"author":1763,"featured_media":0,"comment_status":"closed","ping_status":"closed","sticky":false,"template":"","format":"standard","meta":{"fifu_image_url":"","fifu_image_alt":"","footnotes":""},"categories":[78,54],"tags":[],"class_list":["post-148166","post","type-post","status-publish","format-standard","hentry","category-economie","category-maroc"],"_links":{"self":[{"href":"https:\/\/linitiative.ca\/International\/wp-json\/wp\/v2\/posts\/148166","targetHints":{"allow":["GET"]}}],"collection":[{"href":"https:\/\/linitiative.ca\/International\/wp-json\/wp\/v2\/posts"}],"about":[{"href":"https:\/\/linitiative.ca\/International\/wp-json\/wp\/v2\/types\/post"}],"author":[{"embeddable":true,"href":"https:\/\/linitiative.ca\/International\/wp-json\/wp\/v2\/users\/1763"}],"replies":[{"embeddable":true,"href":"https:\/\/linitiative.ca\/International\/wp-json\/wp\/v2\/comments?post=148166"}],"version-history":[{"count":0,"href":"https:\/\/linitiative.ca\/International\/wp-json\/wp\/v2\/posts\/148166\/revisions"}],"wp:attachment":[{"href":"https:\/\/linitiative.ca\/International\/wp-json\/wp\/v2\/media?parent=148166"}],"wp:term":[{"taxonomy":"category","embeddable":true,"href":"https:\/\/linitiative.ca\/International\/wp-json\/wp\/v2\/categories?post=148166"},{"taxonomy":"post_tag","embeddable":true,"href":"https:\/\/linitiative.ca\/International\/wp-json\/wp\/v2\/tags?post=148166"}],"curies":[{"name":"wp","href":"https:\/\/api.w.org\/{rel}","templated":true}]}}