{"id":148167,"date":"2022-05-20T06:54:11","date_gmt":"2022-05-20T10:54:11","guid":{"rendered":"https:\/\/linitiative.ca\/International\/oleiculture-lapni-et-linra-lancent-olive-ferticlim\/"},"modified":"2022-05-20T06:54:11","modified_gmt":"2022-05-20T10:54:11","slug":"oleiculture-lapni-et-linra-lancent-olive-ferticlim","status":"publish","type":"post","link":"https:\/\/linitiative.ca\/International\/oleiculture-lapni-et-linra-lancent-olive-ferticlim\/","title":{"rendered":"Ol\u00e9iculture : L\u2019APNI et l\u2019INRA lancent \u00ab\u00a0Olive-FertiClim\u00a0\u00bb"},"content":{"rendered":"<div>\n<div class=\"field field-name-body field-type-text-with-summary field-label-hidden\">\n<div class=\"field-items\">\n<div class=\"field-item even\" property=\"content:encoded\">\n<p>L\u2019Institut Africain de la Nutrition des Plantes (APNI) et l\u2019Institut National de la Recherche Agronomique (INRA) ont proc\u00e9d\u00e9, jeudi \u00e0 Marrakech, \u00e0 la signature d&rsquo;un m\u00e9morandum d\u2019entente pour le lancement du projet \u00ab\u00a0Olive-FertiClim\u00a0\u00bb, visant \u00e0 am\u00e9liorer l\u2019efficience de l\u2019utilisation de l\u2019eau et des \u00e9l\u00e9ments nutritifs pour la r\u00e9silience des syst\u00e8mes ol\u00e9icoles marocains aux changements climatiques.<\/p>\n<\/div>\n<\/div>\n<\/div>\n<\/div>\n<p>Auteur: mbasraoui<br \/>\n<a href=\"https:\/\/www.leconomiste.com\/flash-infos\/oleiculture-l-apni-et-l-inra-lancent-olive-ferticlim\">Cliquez ici pour lire l&rsquo;article depuis sa source.<\/a><\/p>\n","protected":false},"excerpt":{"rendered":"<p>L\u2019Institut Africain de la Nutrition des Plantes (APNI) et l\u2019Institut National de la Recherche Agronomique (INRA) ont proc\u00e9d\u00e9, jeudi \u00e0 Marrakech, \u00e0 la signature d&rsquo;un m\u00e9morandum d\u2019entente pour le lancement du projet \u00ab\u00a0Olive-FertiClim\u00a0\u00bb, visant \u00e0 am\u00e9liorer l\u2019efficience de l\u2019utilisation de l\u2019eau et des \u00e9l\u00e9ments nutritifs pour la r\u00e9silience des syst\u00e8mes ol\u00e9icoles marocains aux changements climatiques. [&hellip;]<\/p>\n","protected":false},"author":1763,"featured_media":0,"comment_status":"closed","ping_status":"closed","sticky":false,"template":"","format":"standard","meta":{"fifu_image_url":"","fifu_image_alt":"","footnotes":""},"categories":[78,54],"tags":[],"class_list":["post-148167","post","type-post","status-publish","format-standard","hentry","category-economie","category-maroc"],"_links":{"self":[{"href":"https:\/\/linitiative.ca\/International\/wp-json\/wp\/v2\/posts\/148167","targetHints":{"allow":["GET"]}}],"collection":[{"href":"https:\/\/linitiative.ca\/International\/wp-json\/wp\/v2\/posts"}],"about":[{"href":"https:\/\/linitiative.ca\/International\/wp-json\/wp\/v2\/types\/post"}],"author":[{"embeddable":true,"href":"https:\/\/linitiative.ca\/International\/wp-json\/wp\/v2\/users\/1763"}],"replies":[{"embeddable":true,"href":"https:\/\/linitiative.ca\/International\/wp-json\/wp\/v2\/comments?post=148167"}],"version-history":[{"count":0,"href":"https:\/\/linitiative.ca\/International\/wp-json\/wp\/v2\/posts\/148167\/revisions"}],"wp:attachment":[{"href":"https:\/\/linitiative.ca\/International\/wp-json\/wp\/v2\/media?parent=148167"}],"wp:term":[{"taxonomy":"category","embeddable":true,"href":"https:\/\/linitiative.ca\/International\/wp-json\/wp\/v2\/categories?post=148167"},{"taxonomy":"post_tag","embeddable":true,"href":"https:\/\/linitiative.ca\/International\/wp-json\/wp\/v2\/tags?post=148167"}],"curies":[{"name":"wp","href":"https:\/\/api.w.org\/{rel}","templated":true}]}}