{"id":148168,"date":"2022-05-20T06:57:14","date_gmt":"2022-05-20T10:57:14","guid":{"rendered":"https:\/\/linitiative.ca\/International\/enseignement-partenariat-strategique-entre-la-saz-et-lofppt\/"},"modified":"2022-05-20T06:57:14","modified_gmt":"2022-05-20T10:57:14","slug":"enseignement-partenariat-strategique-entre-la-saz-et-lofppt","status":"publish","type":"post","link":"https:\/\/linitiative.ca\/International\/enseignement-partenariat-strategique-entre-la-saz-et-lofppt\/","title":{"rendered":"Enseignement : Partenariat strat\u00e9gique entre la SAZ et l\u2019OFPPT"},"content":{"rendered":"<div>\n<div class=\"field field-name-body field-type-text-with-summary field-label-hidden\">\n<div class=\"field-items\">\n<div class=\"field-item even\" property=\"content:encoded\">\n<p class=\"rtejustify\">La Soci\u00e9t\u00e9 d\u2019Am\u00e9nagement Zenata (SAZ) et l\u2019Office de la Formation Professionnelle et de la Promotion du Travail viennent de signer des conventions bilat\u00e9rales de partenariats strat\u00e9giques.<\/p>\n<p class=\"rtejustify\">La premi\u00e8re est une convention cadre portant sur la consolidation de la coop\u00e9ration entre les deux parties pour promouvoir les \u00e9changes, la structuration et la r\u00e9alisation de projets autour de la formation, l\u2019insertion des jeunes et la gouvernance.<\/p>\n<\/div>\n<\/div>\n<\/div>\n<\/div>\n<p>Auteur: mbasraoui<br \/>\n<a href=\"https:\/\/www.leconomiste.com\/flash-infos\/enseignement-partenariat-strategique-en-la-saz-et-l-ofppt\">Cliquez ici pour lire l&rsquo;article depuis sa source.<\/a><\/p>\n","protected":false},"excerpt":{"rendered":"<p>La Soci\u00e9t\u00e9 d\u2019Am\u00e9nagement Zenata (SAZ) et l\u2019Office de la Formation Professionnelle et de la Promotion du Travail viennent de signer des conventions bilat\u00e9rales de partenariats strat\u00e9giques. La premi\u00e8re est une convention cadre portant sur la consolidation de la coop\u00e9ration entre les deux parties pour promouvoir les \u00e9changes, la structuration et la r\u00e9alisation de projets autour [&hellip;]<\/p>\n","protected":false},"author":1763,"featured_media":0,"comment_status":"closed","ping_status":"closed","sticky":false,"template":"","format":"standard","meta":{"fifu_image_url":"","fifu_image_alt":"","footnotes":""},"categories":[78,54],"tags":[],"class_list":["post-148168","post","type-post","status-publish","format-standard","hentry","category-economie","category-maroc"],"_links":{"self":[{"href":"https:\/\/linitiative.ca\/International\/wp-json\/wp\/v2\/posts\/148168","targetHints":{"allow":["GET"]}}],"collection":[{"href":"https:\/\/linitiative.ca\/International\/wp-json\/wp\/v2\/posts"}],"about":[{"href":"https:\/\/linitiative.ca\/International\/wp-json\/wp\/v2\/types\/post"}],"author":[{"embeddable":true,"href":"https:\/\/linitiative.ca\/International\/wp-json\/wp\/v2\/users\/1763"}],"replies":[{"embeddable":true,"href":"https:\/\/linitiative.ca\/International\/wp-json\/wp\/v2\/comments?post=148168"}],"version-history":[{"count":0,"href":"https:\/\/linitiative.ca\/International\/wp-json\/wp\/v2\/posts\/148168\/revisions"}],"wp:attachment":[{"href":"https:\/\/linitiative.ca\/International\/wp-json\/wp\/v2\/media?parent=148168"}],"wp:term":[{"taxonomy":"category","embeddable":true,"href":"https:\/\/linitiative.ca\/International\/wp-json\/wp\/v2\/categories?post=148168"},{"taxonomy":"post_tag","embeddable":true,"href":"https:\/\/linitiative.ca\/International\/wp-json\/wp\/v2\/tags?post=148168"}],"curies":[{"name":"wp","href":"https:\/\/api.w.org\/{rel}","templated":true}]}}