{"id":148169,"date":"2022-05-20T07:36:42","date_gmt":"2022-05-20T11:36:42","guid":{"rendered":"https:\/\/linitiative.ca\/International\/assistance-la-marocaine-vie-sassocie-a-africa-first-assist\/"},"modified":"2022-05-20T07:36:42","modified_gmt":"2022-05-20T11:36:42","slug":"assistance-la-marocaine-vie-sassocie-a-africa-first-assist","status":"publish","type":"post","link":"https:\/\/linitiative.ca\/International\/assistance-la-marocaine-vie-sassocie-a-africa-first-assist\/","title":{"rendered":"Assistance: La Marocaine Vie s&rsquo;associe \u00e0 Africa First Assist"},"content":{"rendered":"<div>\n<div class=\"field field-name-body field-type-text-with-summary field-label-hidden\">\n<div class=\"field-items\">\n<div class=\"field-item even\" property=\"content:encoded\">\n<p>Afin de r\u00e9inventer l\u2019exp\u00e9rience de ses assur\u00e9s, la Marocaine Vie annonce la signature d\u2019un partenariat avec Africa First Assist.<\/p>\n<p>Un partenariat qui d\u00e9marre par un enrichissement de Sehha, l\u2019offre sant\u00e9 phare de La Marocaine Vie, m\u00ealant d\u00e9sormais assurance et assistance.<\/p>\n<\/div>\n<\/div>\n<\/div>\n<\/div>\n<p>Auteur: mbasraoui<br \/>\n<a href=\"https:\/\/www.leconomiste.com\/flash-infos\/assistance-la-marocaine-vie-s-associe-africa-first-assist\">Cliquez ici pour lire l&rsquo;article depuis sa source.<\/a><\/p>\n","protected":false},"excerpt":{"rendered":"<p>Afin de r\u00e9inventer l\u2019exp\u00e9rience de ses assur\u00e9s, la Marocaine Vie annonce la signature d\u2019un partenariat avec Africa First Assist. Un partenariat qui d\u00e9marre par un enrichissement de Sehha, l\u2019offre sant\u00e9 phare de La Marocaine Vie, m\u00ealant d\u00e9sormais assurance et assistance. Auteur: mbasraoui Cliquez ici pour lire l&rsquo;article depuis sa source.<\/p>\n","protected":false},"author":1763,"featured_media":0,"comment_status":"closed","ping_status":"closed","sticky":false,"template":"","format":"standard","meta":{"fifu_image_url":"","fifu_image_alt":"","footnotes":""},"categories":[78,54],"tags":[],"class_list":["post-148169","post","type-post","status-publish","format-standard","hentry","category-economie","category-maroc"],"_links":{"self":[{"href":"https:\/\/linitiative.ca\/International\/wp-json\/wp\/v2\/posts\/148169","targetHints":{"allow":["GET"]}}],"collection":[{"href":"https:\/\/linitiative.ca\/International\/wp-json\/wp\/v2\/posts"}],"about":[{"href":"https:\/\/linitiative.ca\/International\/wp-json\/wp\/v2\/types\/post"}],"author":[{"embeddable":true,"href":"https:\/\/linitiative.ca\/International\/wp-json\/wp\/v2\/users\/1763"}],"replies":[{"embeddable":true,"href":"https:\/\/linitiative.ca\/International\/wp-json\/wp\/v2\/comments?post=148169"}],"version-history":[{"count":0,"href":"https:\/\/linitiative.ca\/International\/wp-json\/wp\/v2\/posts\/148169\/revisions"}],"wp:attachment":[{"href":"https:\/\/linitiative.ca\/International\/wp-json\/wp\/v2\/media?parent=148169"}],"wp:term":[{"taxonomy":"category","embeddable":true,"href":"https:\/\/linitiative.ca\/International\/wp-json\/wp\/v2\/categories?post=148169"},{"taxonomy":"post_tag","embeddable":true,"href":"https:\/\/linitiative.ca\/International\/wp-json\/wp\/v2\/tags?post=148169"}],"curies":[{"name":"wp","href":"https:\/\/api.w.org\/{rel}","templated":true}]}}