{"id":148171,"date":"2022-05-20T05:51:00","date_gmt":"2022-05-20T09:51:00","guid":{"rendered":"https:\/\/linitiative.ca\/International\/la-federation-du-senegal-repond-sechement-a-la-federation-francaise-dans-laffaire-idrissa-gueye\/"},"modified":"2022-05-20T05:51:00","modified_gmt":"2022-05-20T09:51:00","slug":"la-federation-du-senegal-repond-sechement-a-la-federation-francaise-dans-laffaire-idrissa-gueye","status":"publish","type":"post","link":"https:\/\/linitiative.ca\/International\/la-federation-du-senegal-repond-sechement-a-la-federation-francaise-dans-laffaire-idrissa-gueye\/","title":{"rendered":"La F\u00e9d\u00e9ration du S\u00e9n\u00e9gal r\u00e9pond s\u00e8chement \u00e0 la f\u00e9d\u00e9ration fran\u00e7aise dans l&rsquo;affaire Idrissa Gueye"},"content":{"rendered":"<div>Au coeur d&rsquo;une pol\u00e9mique depuis son suppos\u00e9 refus de porter un maillot aux couleurs LGBT, le milieu de terrain s\u00e9n\u00e9galais a re\u00e7u le soutien de sa f\u00e9d\u00e9ration<\/div>\n<p>Auteur:<br \/>\n<a href=\"https:\/\/www.lebuteur.com\/article\/detail?titre=la-federation-du-senegal-repond-sechement-a-la-federation-francaise-dans-laffaire-idrissa-gueye&#038;id=102893\">Cliquez ici pour lire l&rsquo;article depuis sa source.<\/a><\/p>\n","protected":false},"excerpt":{"rendered":"<p>Au coeur d&rsquo;une pol\u00e9mique depuis son suppos\u00e9 refus de porter un maillot aux couleurs LGBT, le milieu de terrain s\u00e9n\u00e9galais a re\u00e7u le soutien de sa f\u00e9d\u00e9ration Auteur: Cliquez ici pour lire l&rsquo;article depuis sa source.<\/p>\n","protected":false},"author":1738,"featured_media":0,"comment_status":"closed","ping_status":"closed","sticky":false,"template":"","format":"standard","meta":{"fifu_image_url":"","fifu_image_alt":"","footnotes":""},"categories":[53,75],"tags":[],"class_list":["post-148171","post","type-post","status-publish","format-standard","hentry","category-algerie","category-sport"],"_links":{"self":[{"href":"https:\/\/linitiative.ca\/International\/wp-json\/wp\/v2\/posts\/148171","targetHints":{"allow":["GET"]}}],"collection":[{"href":"https:\/\/linitiative.ca\/International\/wp-json\/wp\/v2\/posts"}],"about":[{"href":"https:\/\/linitiative.ca\/International\/wp-json\/wp\/v2\/types\/post"}],"author":[{"embeddable":true,"href":"https:\/\/linitiative.ca\/International\/wp-json\/wp\/v2\/users\/1738"}],"replies":[{"embeddable":true,"href":"https:\/\/linitiative.ca\/International\/wp-json\/wp\/v2\/comments?post=148171"}],"version-history":[{"count":0,"href":"https:\/\/linitiative.ca\/International\/wp-json\/wp\/v2\/posts\/148171\/revisions"}],"wp:attachment":[{"href":"https:\/\/linitiative.ca\/International\/wp-json\/wp\/v2\/media?parent=148171"}],"wp:term":[{"taxonomy":"category","embeddable":true,"href":"https:\/\/linitiative.ca\/International\/wp-json\/wp\/v2\/categories?post=148171"},{"taxonomy":"post_tag","embeddable":true,"href":"https:\/\/linitiative.ca\/International\/wp-json\/wp\/v2\/tags?post=148171"}],"curies":[{"name":"wp","href":"https:\/\/api.w.org\/{rel}","templated":true}]}}