{"id":148178,"date":"2022-05-20T06:08:00","date_gmt":"2022-05-20T10:08:00","guid":{"rendered":"https:\/\/linitiative.ca\/International\/un-excellent-nouveau-livre-de-hatem-mrad-les-derives-contraires-en-tunisie\/"},"modified":"2022-05-20T06:08:00","modified_gmt":"2022-05-20T10:08:00","slug":"un-excellent-nouveau-livre-de-hatem-mrad-les-derives-contraires-en-tunisie","status":"publish","type":"post","link":"https:\/\/linitiative.ca\/International\/un-excellent-nouveau-livre-de-hatem-mrad-les-derives-contraires-en-tunisie\/","title":{"rendered":"Un excellent nouveau livre de Hatem M\u2019rad : Les d\u00e9rives contraires en Tunisie"},"content":{"rendered":"<div><img decoding=\"async\" src=\"https:\/\/linitiative.ca\/International\/wp-content\/uploads\/sites\/23\/2022\/05\/1653038686_article.jpg\" alt=\"Un excellent nouveau livre de Hatem M\u2019rad : Les d\u00e9rives contraires en Tunisie\" align=\"left\">\u00ab Le renforcement de l\u2019ex\u00e9cutif ne signifie pas dictature, mais le r\u00e9tablissement de l\u2019autorit\u00e9 de l\u2019Etat. La pr\u00e9servation des droits fondamentaux et libert\u00e9s ne signifie pas faiblesse de l\u2019Etat, comme le croit Schmitt, mais l\u00e9gitimit\u00e9 profonde des d\u00e9cisions de l\u2019Etat. C\u2019est dans cet entre-deux que situent les Etats raisonnables. \u00bb Hatem M\u2019rad ne pouvait mieux conclure son nouveau livre \u00ab Les d\u00e9rives contraires en Tunisie. Autour de Carl Schmitt \u00bb qui vient de para\u00eetre chez C\u00e9r\u00e8s Editions.\u00a0 Dans une analyse approfondie de la pens\u00e9e de Schmitt, sur la d\u00e9cision comme essence du politique, il s\u2019emploie \u00e0 examiner l\u2019\u00e9tat d\u2019exception d\u00e9clench\u00e9 par Kais &#8230;<\/p>\n<\/div>\n<p>Auteur:<br \/>\n<a href=\"https:\/\/www.leaders.com.tn\/article\/33368-un-excellent-nouveau-livre-de-hatem-m-rad-les-derives-contraires-en-tunisie\">Cliquez ici pour lire l&rsquo;article depuis sa source.<\/a><\/p>\n","protected":false},"excerpt":{"rendered":"<p>\u00ab Le renforcement de l\u2019ex\u00e9cutif ne signifie pas dictature, mais le r\u00e9tablissement de l\u2019autorit\u00e9 de l\u2019Etat. La pr\u00e9servation des droits fondamentaux et libert\u00e9s ne signifie pas faiblesse de l\u2019Etat, comme le croit Schmitt, mais l\u00e9gitimit\u00e9 profonde des d\u00e9cisions de l\u2019Etat. C\u2019est dans cet entre-deux que situent les Etats raisonnables. \u00bb Hatem M\u2019rad ne pouvait mieux [&hellip;]<\/p>\n","protected":false},"author":1772,"featured_media":0,"comment_status":"closed","ping_status":"closed","sticky":false,"template":"","format":"standard","meta":{"fifu_image_url":"http:\/\/www.leaders.com.tn\/uploads\/content\/thumbnails_small\/1653038686_article.jpg","fifu_image_alt":"Un excellent nouveau livre de Hatem M\u2019rad : Les d\u00e9rives contraires en Tunisie","footnotes":""},"categories":[73,55],"tags":[],"class_list":["post-148178","post","type-post","status-publish","format-standard","hentry","category-actualite","category-tunisie"],"_links":{"self":[{"href":"https:\/\/linitiative.ca\/International\/wp-json\/wp\/v2\/posts\/148178","targetHints":{"allow":["GET"]}}],"collection":[{"href":"https:\/\/linitiative.ca\/International\/wp-json\/wp\/v2\/posts"}],"about":[{"href":"https:\/\/linitiative.ca\/International\/wp-json\/wp\/v2\/types\/post"}],"author":[{"embeddable":true,"href":"https:\/\/linitiative.ca\/International\/wp-json\/wp\/v2\/users\/1772"}],"replies":[{"embeddable":true,"href":"https:\/\/linitiative.ca\/International\/wp-json\/wp\/v2\/comments?post=148178"}],"version-history":[{"count":0,"href":"https:\/\/linitiative.ca\/International\/wp-json\/wp\/v2\/posts\/148178\/revisions"}],"wp:attachment":[{"href":"https:\/\/linitiative.ca\/International\/wp-json\/wp\/v2\/media?parent=148178"}],"wp:term":[{"taxonomy":"category","embeddable":true,"href":"https:\/\/linitiative.ca\/International\/wp-json\/wp\/v2\/categories?post=148178"},{"taxonomy":"post_tag","embeddable":true,"href":"https:\/\/linitiative.ca\/International\/wp-json\/wp\/v2\/tags?post=148178"}],"curies":[{"name":"wp","href":"https:\/\/api.w.org\/{rel}","templated":true}]}}