{"id":148182,"date":"2022-05-20T08:25:00","date_gmt":"2022-05-20T12:25:00","guid":{"rendered":"https:\/\/linitiative.ca\/International\/oppo-devoile-son-nouveau-smartphone-reno7-en-tunisie\/"},"modified":"2022-05-20T08:25:00","modified_gmt":"2022-05-20T12:25:00","slug":"oppo-devoile-son-nouveau-smartphone-reno7-en-tunisie","status":"publish","type":"post","link":"https:\/\/linitiative.ca\/International\/oppo-devoile-son-nouveau-smartphone-reno7-en-tunisie\/","title":{"rendered":"OPPO d\u00e9voile son nouveau smartphone Reno7 en Tunisie"},"content":{"rendered":"<div><img decoding=\"async\" src=\"https:\/\/linitiative.ca\/International\/wp-content\/uploads\/sites\/23\/2022\/05\/1653046434_article.jpg\" alt=\"OPPO d\u00e9voile son nouveau smartphone Reno7 en Tunisie\" align=\"left\">OPPO vient de d\u00e9voiler, jeudi 19 mai 2022 \u00e0 Tunis, lors d\u2019une soir\u00e9e sp\u00e9ciale de lancement, son dernier smartphone de la s\u00e9rie Reno, OPPO Reno7. Des partenaires de la marque, distributeurs, c\u00e9l\u00e9brit\u00e9s, m\u00e9dias et bloggeurs ont \u00e9t\u00e9 convi\u00e9s \u00e0 l\u2019\u00e9v\u00e9nement afin de d\u00e9couvrir les caract\u00e9ristiques exceptionnelles de ce nouveau mod\u00e8le et de tester ses fonctionnalit\u00e9s multiples, sous le slogan \u00ab Repoussez les limites en mode portrait \u00bb.<\/p>\n<p>Propuls\u00e9 par son capteur selfie ultra-sensible IMX709co-d\u00e9velopp\u00e9 avec Sony, d\u2019une lentille micro Microlens et d\u2019un effet Bokeh Flare de type DSLR dans la photo portrait, Reno7 offre de nouvelles performances photographiques &#8230;<\/p>\n<\/div>\n<p>Auteur:<br \/>\n<a href=\"https:\/\/www.leaders.com.tn\/article\/33370-oppo-devoile-son-nouveau-smartphone-reno7-en-tunisie\">Cliquez ici pour lire l&rsquo;article depuis sa source.<\/a><\/p>\n","protected":false},"excerpt":{"rendered":"<p>OPPO vient de d\u00e9voiler, jeudi 19 mai 2022 \u00e0 Tunis, lors d\u2019une soir\u00e9e sp\u00e9ciale de lancement, son dernier smartphone de la s\u00e9rie Reno, OPPO Reno7. Des partenaires de la marque, distributeurs, c\u00e9l\u00e9brit\u00e9s, m\u00e9dias et bloggeurs ont \u00e9t\u00e9 convi\u00e9s \u00e0 l\u2019\u00e9v\u00e9nement afin de d\u00e9couvrir les caract\u00e9ristiques exceptionnelles de ce nouveau mod\u00e8le et de tester ses fonctionnalit\u00e9s [&hellip;]<\/p>\n","protected":false},"author":1772,"featured_media":0,"comment_status":"closed","ping_status":"closed","sticky":false,"template":"","format":"standard","meta":{"fifu_image_url":"http:\/\/www.leaders.com.tn\/uploads\/content\/thumbnails_small\/1653046434_article.jpg","fifu_image_alt":"OPPO d\u00e9voile son nouveau smartphone Reno7 en Tunisie","footnotes":""},"categories":[73,55],"tags":[],"class_list":["post-148182","post","type-post","status-publish","format-standard","hentry","category-actualite","category-tunisie"],"_links":{"self":[{"href":"https:\/\/linitiative.ca\/International\/wp-json\/wp\/v2\/posts\/148182","targetHints":{"allow":["GET"]}}],"collection":[{"href":"https:\/\/linitiative.ca\/International\/wp-json\/wp\/v2\/posts"}],"about":[{"href":"https:\/\/linitiative.ca\/International\/wp-json\/wp\/v2\/types\/post"}],"author":[{"embeddable":true,"href":"https:\/\/linitiative.ca\/International\/wp-json\/wp\/v2\/users\/1772"}],"replies":[{"embeddable":true,"href":"https:\/\/linitiative.ca\/International\/wp-json\/wp\/v2\/comments?post=148182"}],"version-history":[{"count":0,"href":"https:\/\/linitiative.ca\/International\/wp-json\/wp\/v2\/posts\/148182\/revisions"}],"wp:attachment":[{"href":"https:\/\/linitiative.ca\/International\/wp-json\/wp\/v2\/media?parent=148182"}],"wp:term":[{"taxonomy":"category","embeddable":true,"href":"https:\/\/linitiative.ca\/International\/wp-json\/wp\/v2\/categories?post=148182"},{"taxonomy":"post_tag","embeddable":true,"href":"https:\/\/linitiative.ca\/International\/wp-json\/wp\/v2\/tags?post=148182"}],"curies":[{"name":"wp","href":"https:\/\/api.w.org\/{rel}","templated":true}]}}