{"id":148184,"date":"2022-05-20T14:34:00","date_gmt":"2022-05-20T18:34:00","guid":{"rendered":"https:\/\/linitiative.ca\/International\/tout-sur-linstance-sadok-belaid-pour-une-nouvelle-republique-rapport-final-le-20-juin-prochain\/"},"modified":"2022-05-20T14:34:00","modified_gmt":"2022-05-20T18:34:00","slug":"tout-sur-linstance-sadok-belaid-pour-une-nouvelle-republique-rapport-final-le-20-juin-prochain","status":"publish","type":"post","link":"https:\/\/linitiative.ca\/International\/tout-sur-linstance-sadok-belaid-pour-une-nouvelle-republique-rapport-final-le-20-juin-prochain\/","title":{"rendered":"Tout sur l\u2019Instance Sadok Belaid pour \u00ab Une nouvelle R\u00e9publique \u00bb : Rapport final le 20 juin prochain"},"content":{"rendered":"<div><img decoding=\"async\" src=\"https:\/\/linitiative.ca\/International\/wp-content\/uploads\/sites\/23\/2022\/05\/1653068057_article.jpg\" alt=\"Sadok Belaid\" align=\"left\">Mission cascadeur : Il aura un mois, jour pour jour, afin de soumettre au chef de l\u2019Etat, le 20 juin prochain, une proposition de constitution. Nomm\u00e9 pr\u00e9sident \u2013 coordinateur de l\u2019Instance nationale consultative pour une Nouvelle R\u00e9publique, le doyen Sadok Belaid n\u2019aura pas la t\u00e2che. L\u2019architecture de cette Instance con\u00e7ue par le pr\u00e9sident Kais Sa\u00efed repose sur trois commissions consultatives devant traiter, la premi\u00e8re, des questions \u00e9conomiques et sociales, la deuxi\u00e8me, des questions juridiques, et fusionnant ensemble dans une troisi\u00e8me, qui sera celle du Dialogue national, charg\u00e9e de la synth\u00e8se g\u00e9n\u00e9rale. Les partis politiques n&rsquo;y figurent pas.<br \/>\nLa nouvelle &#8230;<\/p>\n<\/div>\n<p>Auteur:<br \/>\n<a href=\"https:\/\/www.leaders.com.tn\/article\/33374-tout-sur-l-instance-sadok-belaid-pour-une-nouvelle-republique-rapport-final-le-20-juin-prochain\">Cliquez ici pour lire l&rsquo;article depuis sa source.<\/a><\/p>\n","protected":false},"excerpt":{"rendered":"<p>Mission cascadeur : Il aura un mois, jour pour jour, afin de soumettre au chef de l\u2019Etat, le 20 juin prochain, une proposition de constitution. Nomm\u00e9 pr\u00e9sident \u2013 coordinateur de l\u2019Instance nationale consultative pour une Nouvelle R\u00e9publique, le doyen Sadok Belaid n\u2019aura pas la t\u00e2che. L\u2019architecture de cette Instance con\u00e7ue par le pr\u00e9sident Kais Sa\u00efed [&hellip;]<\/p>\n","protected":false},"author":1772,"featured_media":0,"comment_status":"closed","ping_status":"closed","sticky":false,"template":"","format":"standard","meta":{"fifu_image_url":"http:\/\/www.leaders.com.tn\/uploads\/content\/thumbnails_small\/1653068057_article.jpg","fifu_image_alt":"Tout sur l\u2019Instance Sadok Belaid pour \u00ab Une nouvelle R\u00e9publique \u00bb : Rapport final le 20 juin prochain","footnotes":""},"categories":[73,55],"tags":[],"class_list":["post-148184","post","type-post","status-publish","format-standard","hentry","category-actualite","category-tunisie"],"_links":{"self":[{"href":"https:\/\/linitiative.ca\/International\/wp-json\/wp\/v2\/posts\/148184","targetHints":{"allow":["GET"]}}],"collection":[{"href":"https:\/\/linitiative.ca\/International\/wp-json\/wp\/v2\/posts"}],"about":[{"href":"https:\/\/linitiative.ca\/International\/wp-json\/wp\/v2\/types\/post"}],"author":[{"embeddable":true,"href":"https:\/\/linitiative.ca\/International\/wp-json\/wp\/v2\/users\/1772"}],"replies":[{"embeddable":true,"href":"https:\/\/linitiative.ca\/International\/wp-json\/wp\/v2\/comments?post=148184"}],"version-history":[{"count":0,"href":"https:\/\/linitiative.ca\/International\/wp-json\/wp\/v2\/posts\/148184\/revisions"}],"wp:attachment":[{"href":"https:\/\/linitiative.ca\/International\/wp-json\/wp\/v2\/media?parent=148184"}],"wp:term":[{"taxonomy":"category","embeddable":true,"href":"https:\/\/linitiative.ca\/International\/wp-json\/wp\/v2\/categories?post=148184"},{"taxonomy":"post_tag","embeddable":true,"href":"https:\/\/linitiative.ca\/International\/wp-json\/wp\/v2\/tags?post=148184"}],"curies":[{"name":"wp","href":"https:\/\/api.w.org\/{rel}","templated":true}]}}